{"id":291,"date":"2026-01-14T13:42:15","date_gmt":"2026-01-14T12:42:15","guid":{"rendered":"https:\/\/filmpolitique.org\/?p=291"},"modified":"2026-01-14T13:42:15","modified_gmt":"2026-01-14T12:42:15","slug":"costa-gavras-cinema-politique","status":"publish","type":"post","link":"https:\/\/filmpolitique.fr\/?p=291","title":{"rendered":"Costa-Gavras : \u00ab La politique, c\u2019est chacun de nos actes dans la cit\u00e9 \u00bb"},"content":{"rendered":"\n<h4 class=\"wp-block-heading\">Parrain du&nbsp;<a href=\"https:\/\/festival-cinema-carcassonne.org\/fr\" target=\"_blank\" rel=\"noreferrer noopener\">Festival international du film politique de Carcassonne<\/a>&nbsp;depuis sa premi\u00e8re \u00e9dition en 2018, Costa-Gavras figure majeure du&nbsp;cin\u00e9ma politique, est revenu en 2025 pour y pr\u00e9senter&nbsp;Le Dernier Souffle. Adapt\u00e9 du livre cosign\u00e9 par&nbsp;R\u00e9gis Debray&nbsp;et le docteur&nbsp;Claude Grange, pionnier des soins palliatifs, le film aborde frontalement la question de la fin de vie. \u00c0 cette occasion, le r\u00e9alisateur a accord\u00e9 l\u2019entretien ci-dessous.<\/h4>\n\n\n\n<!--more-->\n\n\n<div class=\"wp-block-image\">\n<figure class=\"alignleft size-large is-resized\"><img loading=\"lazy\" decoding=\"async\" width=\"2560\" height=\"1707\" src=\"https:\/\/filmpolitique.org\/wp-content\/uploads\/2025\/12\/HL_LDEMARTINI_2682139-edited-scaled.jpg\" alt=\"\" class=\"wp-image-326\" style=\"width:638px;height:auto\" srcset=\"https:\/\/filmpolitique.fr\/wp-content\/uploads\/2025\/12\/HL_LDEMARTINI_2682139-edited-scaled.jpg 2560w, https:\/\/filmpolitique.fr\/wp-content\/uploads\/2025\/12\/HL_LDEMARTINI_2682139-edited-300x200.jpg 300w, https:\/\/filmpolitique.fr\/wp-content\/uploads\/2025\/12\/HL_LDEMARTINI_2682139-edited-1024x683.jpg 1024w, https:\/\/filmpolitique.fr\/wp-content\/uploads\/2025\/12\/HL_LDEMARTINI_2682139-edited-768x512.jpg 768w, https:\/\/filmpolitique.fr\/wp-content\/uploads\/2025\/12\/HL_LDEMARTINI_2682139-edited-1536x1024.jpg 1536w, https:\/\/filmpolitique.fr\/wp-content\/uploads\/2025\/12\/HL_LDEMARTINI_2682139-edited-2048x1366.jpg 2048w\" sizes=\"auto, (max-width: 2560px) 100vw, 2560px\" \/><figcaption class=\"wp-element-caption\">Le cin\u00e9aste franco-grec Costa-Gavras realise lors de la 7e \u00e9dition du FIFP <strong>\u00a9<\/strong> Laurent Demartini \/ Hans Lucas <\/figcaption><\/figure>\n<\/div>\n\n\n<hr class=\"wp-block-separator has-alpha-channel-opacity\"\/>\n\n\n\n<h4 class=\"wp-block-heading\"><strong>En 2018, vous acceptiez d\u2019associer votre nom \u00e0 la naissance du Festival international du film politique. Qu\u2019aviez-vous pens\u00e9 de cette initiative \u00e0 l\u2019\u00e9poque ?<\/strong><\/h4>\n\n\n\n<p>Mes premi\u00e8res questions et mon int\u00e9r\u00eat portaient sur le fait que deux jeunes passionn\u00e9s de cin\u00e9ma voulaient cr\u00e9er un festival, montrer des films selon leur amour du cin\u00e9ma et leur sensibilit\u00e9, dans une partie du pays qui en manquait. Quant au titre, je n\u2019allais pas en discuter avec eux. Ma conviction est que&nbsp;tous les films sont politiques.<\/p>\n\n\n\n<h4 class=\"wp-block-heading\"><strong>Au d\u00e9but de votre carri\u00e8re, vous avez alli\u00e9 le thriller et le film politique. Existe-t-il selon vous un lien entre ces genres ?<\/strong><\/h4>\n\n\n\n<p>Je n\u2019ai pas choisi le cin\u00e9ma pour faire carri\u00e8re, mais par passion. Je n\u2019ai pas non plus choisi le genre du thriller, entendu comme une m\u00e9canique de peur ou de suspense. J\u2019en ai fait un,&nbsp;<em>Compartiments tueurs<\/em>.<\/p>\n\n\n\n<p>Pour mes autres films, j\u2019ai recherch\u00e9 la tension intellectuelle, celle qui permet de suivre une histoire en d\u00e9couvrant progressivement ses contradictions et sa conclusion. Chaque film a sa propre construction. Jamais l\u2019id\u00e9e de thriller n\u2019a guid\u00e9 mon travail.<\/p>\n\n\n\n<hr class=\"wp-block-separator has-alpha-channel-opacity\"\/>\n\n\n<div class=\"wp-block-image\">\n<figure class=\"alignright size-large is-resized\"><img loading=\"lazy\" decoding=\"async\" width=\"1706\" height=\"2560\" src=\"https:\/\/filmpolitique.org\/wp-content\/uploads\/2025\/12\/HL_BALOY_2655807-edited-1-scaled.jpg\" alt=\"\" class=\"wp-image-333\" style=\"aspect-ratio:0.6664152524617641;width:456px;height:auto\" srcset=\"https:\/\/filmpolitique.fr\/wp-content\/uploads\/2025\/12\/HL_BALOY_2655807-edited-1-scaled.jpg 1706w, https:\/\/filmpolitique.fr\/wp-content\/uploads\/2025\/12\/HL_BALOY_2655807-edited-1-200x300.jpg 200w, https:\/\/filmpolitique.fr\/wp-content\/uploads\/2025\/12\/HL_BALOY_2655807-edited-1-683x1024.jpg 683w, https:\/\/filmpolitique.fr\/wp-content\/uploads\/2025\/12\/HL_BALOY_2655807-edited-1-768x1152.jpg 768w, https:\/\/filmpolitique.fr\/wp-content\/uploads\/2025\/12\/HL_BALOY_2655807-edited-1-1024x1536.jpg 1024w, https:\/\/filmpolitique.fr\/wp-content\/uploads\/2025\/12\/HL_BALOY_2655807-edited-1-1365x2048.jpg 1365w\" sizes=\"auto, (max-width: 1706px) 100vw, 1706px\" \/><figcaption class=\"wp-element-caption\"><strong>\u00a9<\/strong> Babeth Aloy \/ Hans Lucas <\/figcaption><\/figure>\n<\/div>\n\n\n<h4 class=\"wp-block-heading\"><strong>La politique traverse la plupart de vos \u0153uvres. \u00c9tait-ce d\u00e8s le d\u00e9part le cin\u00e9ma que vous vouliez faire ?<\/strong><\/h4>\n\n\n\n<p>Pour moi, la politique ne se limite pas aux abus de pouvoir des gouvernants.&nbsp;La politique, c\u2019est chacun de nos actes dans la cit\u00e9. C\u2019est le pouvoir que chacun exerce sur l\u2019autre, pour le bien ou pour le mal. Ce pouvoir peut devenir oppression lorsqu\u2019il est exerc\u00e9 par ceux qui gouvernent ou par ceux qui d\u00e9tiennent l\u2019argent. Avec mes films, j\u2019ai toujours voulu montrer ces formes de pouvoir, peut-\u00eatre parce que je les ai subies tr\u00e8s jeune.<\/p>\n\n\n\n<h4 class=\"wp-block-heading\"><strong>Ken Loach disait : \u00ab Un film politique, c\u2019est d\u2019abord une bonne histoire \u00bb. Partagez-vous cet avis ?<\/strong><\/h4>\n\n\n\n<p>Un film est avant tout une bonne histoire, un sc\u00e9nario solide, mis en sc\u00e8ne par un r\u00e9alisateur anim\u00e9 par la passion et le talent. Sans cela, il n\u2019y a pas de cin\u00e9ma.<\/p>\n\n\n\n<h4 class=\"wp-block-heading\"><strong>Parlons du&nbsp;<em>Dernier Souffle<\/em>. Pourquoi avoir choisi d\u2019aborder la question de la fin de vie ?<\/strong><\/h4>\n\n\n\n<p>Il est \u00e9vident qu\u2019il faut mettre fin aux douleurs physiques et psychiques. Notre soci\u00e9t\u00e9 doit se donner les moyens d\u2019assurer \u00e0 chacun une fin de vie digne, sereine et libre. C\u2019est ce qui m\u2019a guid\u00e9, mais aussi un d\u00e9sir personnel : partir accompagn\u00e9, le plus tard possible, dans ces conditions de respect et d\u2019humanit\u00e9.<\/p>\n\n\n\n<hr class=\"wp-block-separator has-alpha-channel-opacity\"\/>\n\n\n\n<h4 class=\"wp-block-heading\"><strong>La pr\u00e9sence de R\u00e9gis Debray vous a-t-elle rapproch\u00e9 du livre ?<\/strong><\/h4>\n\n\n\n<p>R\u00e9gis Debray est un homme que j\u2019admire et un ami de longue date. J\u2019ai lu beaucoup de ses livres, quel qu\u2019en soit le sujet. C\u2019est naturellement que je me suis int\u00e9ress\u00e9 \u00e0 celui qu\u2019il cosigne avec Claude Grange, que j\u2019estime \u00e9galement.<\/p>\n\n\n\n<p>Les utopies politiques des ann\u00e9es 60-70 ont profond\u00e9ment transform\u00e9 l\u2019Am\u00e9rique latine. Les dictatures ont disparu, remplac\u00e9es par des formes de d\u00e9mocratie parfois fragiles.&nbsp;<em>Missing<\/em>&nbsp;s\u2019inscrivait d\u00e9j\u00e0 dans cette r\u00e9flexion.<\/p>\n\n\n\n<h4 class=\"wp-block-heading\"><strong>Qu\u2019apporte la fiction \u00e0 un sujet comme la fin de vie ?<\/strong><\/h4>\n\n\n\n<p>La fiction peut d\u00e9passer la v\u00e9rit\u00e9 pour la rendre acceptable, \u00e0 condition de ne jamais tomber dans le voyeurisme.<\/p>\n\n\n\n<h4 class=\"wp-block-heading\"><strong>Dans le d\u00e9bat sur la fin de vie, quelle est votre position personnelle ?<\/strong><\/h4>\n\n\n\n<p>Ma position est celle du film : une ode \u00e0 l\u2019accompagnement et aux soins palliatifs. Inspir\u00e9 du livre, mais libre dans sa forme, ses personnages et ses choix narratifs.<\/p>\n\n\n\n<hr class=\"wp-block-separator has-alpha-channel-opacity\"\/>\n\n\n\n<h4 class=\"wp-block-heading\"><strong>Quel avenir voyez-vous pour le cin\u00e9ma politique ?<\/strong><\/h4>\n\n\n\n<p>Le cin\u00e9ma, comme les m\u00e9dias, est par nature politique. Mais beaucoup d\u00e9pendent aujourd\u2019hui de puissances financi\u00e8res. Le spectateur devra choisir. C\u2019est une t\u00e2che difficile, mais profond\u00e9ment d\u00e9mocratique. En France, nous faisons tout pour que le cin\u00e9ma reste vivant, libre, multiple et qu\u2019il se f\u00e9minise. Le nombre de spectateurs montre que nous allons dans le bon sens.<\/p>\n\n\n\n<h3 class=\"wp-block-heading\"><strong>Pour conclure : dans quelle mesure le cin\u00e9ma peut-il changer le monde ?<\/strong><\/h3>\n\n\n\n<p>En restant personnel, libre, multiple, divers\u2026 et soutenu par de bons festivals !<\/p>\n\n\n\n<p>Pour prolonger la discussion, retrouvez notre rencontre avec Costa-Gavras. <\/p>\n\n\n\n<figure class=\"wp-block-embed is-type-video is-provider-youtube wp-block-embed-youtube wp-embed-aspect-16-9 wp-has-aspect-ratio\"><div class=\"wp-block-embed__wrapper\">\n<iframe loading=\"lazy\" title=\"COSTA-GAVRAS \u2014 Le cin\u00e9ma comme acte politique | Masterclass int\u00e9grale\" width=\"640\" height=\"360\" src=\"https:\/\/www.youtube.com\/embed\/JqCT-YXcgH8?feature=oembed\" frameborder=\"0\" allow=\"accelerometer; autoplay; clipboard-write; encrypted-media; gyroscope; picture-in-picture; web-share\" referrerpolicy=\"strict-origin-when-cross-origin\" allowfullscreen><\/iframe>\n<\/div><\/figure>\n\n\n\n\n\n\n\n<p><\/p>\n","protected":false},"excerpt":{"rendered":"<p>Parrain du&nbsp;Festival international du film politique de Carcassonne&nbsp;depuis sa premi\u00e8re \u00e9dition en 2018, Costa-Gavras figure majeure du&nbsp;cin\u00e9ma politique, est revenu [&hellip;]<\/p>\n","protected":false},"author":1,"featured_media":389,"comment_status":"open","ping_status":"open","sticky":false,"template":"","format":"standard","meta":{"footnotes":""},"categories":[8],"tags":[],"class_list":["post-291","post","type-post","status-publish","format-standard","has-post-thumbnail","hentry","category-interviews-ecrites"],"yoast_head":"<!-- This site is optimized with the Yoast SEO plugin v26.5 - https:\/\/yoast.com\/wordpress\/plugins\/seo\/ -->\n<title>Costa-Gavras : \u00ab La politique, c\u2019est chacun de nos actes \u00bb<\/title>\n<meta name=\"description\" content=\"Costa-Gavras pr\u00e9sente Le Dernier Souffle et revient sur le cin\u00e9ma politique, le pouvoir et la fin de vie au Festival de Carcassonne.\" \/>\n<meta name=\"robots\" content=\"index, follow, max-snippet:-1, max-image-preview:large, max-video-preview:-1\" \/>\n<link rel=\"canonical\" href=\"https:\/\/filmpolitique.fr\/?p=291\" \/>\n<meta property=\"og:locale\" content=\"fr_FR\" \/>\n<meta property=\"og:type\" content=\"article\" \/>\n<meta property=\"og:title\" content=\"Costa-Gavras : \u00ab La politique, c\u2019est chacun de nos actes \u00bb\" \/>\n<meta property=\"og:description\" content=\"Costa-Gavras pr\u00e9sente Le Dernier Souffle et revient sur le cin\u00e9ma politique, le pouvoir et la fin de vie au Festival de Carcassonne.\" \/>\n<meta property=\"og:url\" content=\"https:\/\/filmpolitique.fr\/?p=291\" \/>\n<meta property=\"og:site_name\" content=\"filmpolitique.fr\" \/>\n<meta property=\"article:published_time\" content=\"2026-01-14T12:42:15+00:00\" \/>\n<meta property=\"og:image\" content=\"https:\/\/filmpolitique.fr\/wp-content\/uploads\/2025\/12\/HL_LDEMARTINI_2682139-1-scaled.jpg\" \/>\n\t<meta property=\"og:image:width\" content=\"2560\" \/>\n\t<meta property=\"og:image:height\" content=\"1707\" \/>\n\t<meta property=\"og:image:type\" content=\"image\/jpeg\" \/>\n<meta name=\"author\" content=\"cinebastideblog\" \/>\n<meta name=\"twitter:card\" content=\"summary_large_image\" \/>\n<meta name=\"twitter:label1\" content=\"\u00c9crit par\" \/>\n\t<meta name=\"twitter:data1\" content=\"cinebastideblog\" \/>\n\t<meta name=\"twitter:label2\" content=\"Dur\u00e9e de lecture estim\u00e9e\" \/>\n\t<meta name=\"twitter:data2\" content=\"5 minutes\" \/>\n<script type=\"application\/ld+json\" class=\"yoast-schema-graph\">{\"@context\":\"https:\/\/schema.org\",\"@graph\":[{\"@type\":\"WebPage\",\"@id\":\"https:\/\/filmpolitique.fr\/?p=291\",\"url\":\"https:\/\/filmpolitique.fr\/?p=291\",\"name\":\"Costa-Gavras : \u00ab La politique, c\u2019est chacun de nos actes \u00bb\",\"isPartOf\":{\"@id\":\"https:\/\/filmpolitique.fr\/#website\"},\"primaryImageOfPage\":{\"@id\":\"https:\/\/filmpolitique.fr\/?p=291#primaryimage\"},\"image\":{\"@id\":\"https:\/\/filmpolitique.fr\/?p=291#primaryimage\"},\"thumbnailUrl\":\"https:\/\/filmpolitique.fr\/wp-content\/uploads\/2025\/12\/HL_LDEMARTINI_2682139-1-scaled.jpg\",\"datePublished\":\"2026-01-14T12:42:15+00:00\",\"author\":{\"@id\":\"https:\/\/filmpolitique.fr\/#\/schema\/person\/f7f1eb2ac9ba87f0152547f2847a6c34\"},\"description\":\"Costa-Gavras pr\u00e9sente Le Dernier Souffle et revient sur le cin\u00e9ma politique, le pouvoir et la fin de vie au Festival de Carcassonne.\",\"breadcrumb\":{\"@id\":\"https:\/\/filmpolitique.fr\/?p=291#breadcrumb\"},\"inLanguage\":\"fr-FR\",\"potentialAction\":[{\"@type\":\"ReadAction\",\"target\":[\"https:\/\/filmpolitique.fr\/?p=291\"]}]},{\"@type\":\"ImageObject\",\"inLanguage\":\"fr-FR\",\"@id\":\"https:\/\/filmpolitique.fr\/?p=291#primaryimage\",\"url\":\"https:\/\/filmpolitique.fr\/wp-content\/uploads\/2025\/12\/HL_LDEMARTINI_2682139-1-scaled.jpg\",\"contentUrl\":\"https:\/\/filmpolitique.fr\/wp-content\/uploads\/2025\/12\/HL_LDEMARTINI_2682139-1-scaled.jpg\",\"width\":2560,\"height\":1707,\"caption\":\"Portrait of renowned Franco Greek filmmaker Costa Gavras made at the 7th Carcassonne International Political Film Festival on the occasion of the premiere of his film Le Dernier Souffle at the Hotel de la Cite in Carcassonne, France, on January 18, 2025. Portrait du celebre cineaste franco grec Costa Gavras realise lors de la 7e edition du Festival international du film politique de Carcassonne a l occasion de la presentation en avant premiere de son film Le Dernier Souffle a l Hotel de la Cite a Carcassonne en France le 18 janvier 2025.\"},{\"@type\":\"BreadcrumbList\",\"@id\":\"https:\/\/filmpolitique.fr\/?p=291#breadcrumb\",\"itemListElement\":[{\"@type\":\"ListItem\",\"position\":1,\"name\":\"Home\",\"item\":\"https:\/\/filmpolitique.fr\/\"},{\"@type\":\"ListItem\",\"position\":2,\"name\":\"Costa-Gavras : \u00ab La politique, c\u2019est chacun de nos actes dans la cit\u00e9 \u00bb\"}]},{\"@type\":\"WebSite\",\"@id\":\"https:\/\/filmpolitique.fr\/#website\",\"url\":\"https:\/\/filmpolitique.fr\/\",\"name\":\"filmpolitique.fr\",\"description\":\"Le cin\u00e9ma qui change le regard sur le monde\",\"potentialAction\":[{\"@type\":\"SearchAction\",\"target\":{\"@type\":\"EntryPoint\",\"urlTemplate\":\"https:\/\/filmpolitique.fr\/?s={search_term_string}\"},\"query-input\":{\"@type\":\"PropertyValueSpecification\",\"valueRequired\":true,\"valueName\":\"search_term_string\"}}],\"inLanguage\":\"fr-FR\"},{\"@type\":\"Person\",\"@id\":\"https:\/\/filmpolitique.fr\/#\/schema\/person\/f7f1eb2ac9ba87f0152547f2847a6c34\",\"name\":\"cinebastideblog\",\"image\":{\"@type\":\"ImageObject\",\"inLanguage\":\"fr-FR\",\"@id\":\"https:\/\/filmpolitique.fr\/#\/schema\/person\/image\/\",\"url\":\"https:\/\/secure.gravatar.com\/avatar\/71227138e4ddfa2dbc7dcb131573dc077cdf7b3a51a8aacb71d82aecf1cceea7?s=96&d=mm&r=g\",\"contentUrl\":\"https:\/\/secure.gravatar.com\/avatar\/71227138e4ddfa2dbc7dcb131573dc077cdf7b3a51a8aacb71d82aecf1cceea7?s=96&d=mm&r=g\",\"caption\":\"cinebastideblog\"},\"sameAs\":[\"https:\/\/filmpolitique.org\"],\"url\":\"https:\/\/filmpolitique.fr\/?author=1\"}]}<\/script>\n<!-- \/ Yoast SEO plugin. -->","yoast_head_json":{"title":"Costa-Gavras : \u00ab La politique, c\u2019est chacun de nos actes \u00bb","description":"Costa-Gavras pr\u00e9sente Le Dernier Souffle et revient sur le cin\u00e9ma politique, le pouvoir et la fin de vie au Festival de Carcassonne.","robots":{"index":"index","follow":"follow","max-snippet":"max-snippet:-1","max-image-preview":"max-image-preview:large","max-video-preview":"max-video-preview:-1"},"canonical":"https:\/\/filmpolitique.fr\/?p=291","og_locale":"fr_FR","og_type":"article","og_title":"Costa-Gavras : \u00ab La politique, c\u2019est chacun de nos actes \u00bb","og_description":"Costa-Gavras pr\u00e9sente Le Dernier Souffle et revient sur le cin\u00e9ma politique, le pouvoir et la fin de vie au Festival de Carcassonne.","og_url":"https:\/\/filmpolitique.fr\/?p=291","og_site_name":"filmpolitique.fr","article_published_time":"2026-01-14T12:42:15+00:00","og_image":[{"width":2560,"height":1707,"url":"https:\/\/filmpolitique.fr\/wp-content\/uploads\/2025\/12\/HL_LDEMARTINI_2682139-1-scaled.jpg","type":"image\/jpeg"}],"author":"cinebastideblog","twitter_card":"summary_large_image","twitter_misc":{"\u00c9crit par":"cinebastideblog","Dur\u00e9e de lecture estim\u00e9e":"5 minutes"},"schema":{"@context":"https:\/\/schema.org","@graph":[{"@type":"WebPage","@id":"https:\/\/filmpolitique.fr\/?p=291","url":"https:\/\/filmpolitique.fr\/?p=291","name":"Costa-Gavras : \u00ab La politique, c\u2019est chacun de nos actes \u00bb","isPartOf":{"@id":"https:\/\/filmpolitique.fr\/#website"},"primaryImageOfPage":{"@id":"https:\/\/filmpolitique.fr\/?p=291#primaryimage"},"image":{"@id":"https:\/\/filmpolitique.fr\/?p=291#primaryimage"},"thumbnailUrl":"https:\/\/filmpolitique.fr\/wp-content\/uploads\/2025\/12\/HL_LDEMARTINI_2682139-1-scaled.jpg","datePublished":"2026-01-14T12:42:15+00:00","author":{"@id":"https:\/\/filmpolitique.fr\/#\/schema\/person\/f7f1eb2ac9ba87f0152547f2847a6c34"},"description":"Costa-Gavras pr\u00e9sente Le Dernier Souffle et revient sur le cin\u00e9ma politique, le pouvoir et la fin de vie au Festival de Carcassonne.","breadcrumb":{"@id":"https:\/\/filmpolitique.fr\/?p=291#breadcrumb"},"inLanguage":"fr-FR","potentialAction":[{"@type":"ReadAction","target":["https:\/\/filmpolitique.fr\/?p=291"]}]},{"@type":"ImageObject","inLanguage":"fr-FR","@id":"https:\/\/filmpolitique.fr\/?p=291#primaryimage","url":"https:\/\/filmpolitique.fr\/wp-content\/uploads\/2025\/12\/HL_LDEMARTINI_2682139-1-scaled.jpg","contentUrl":"https:\/\/filmpolitique.fr\/wp-content\/uploads\/2025\/12\/HL_LDEMARTINI_2682139-1-scaled.jpg","width":2560,"height":1707,"caption":"Portrait of renowned Franco Greek filmmaker Costa Gavras made at the 7th Carcassonne International Political Film Festival on the occasion of the premiere of his film Le Dernier Souffle at the Hotel de la Cite in Carcassonne, France, on January 18, 2025. Portrait du celebre cineaste franco grec Costa Gavras realise lors de la 7e edition du Festival international du film politique de Carcassonne a l occasion de la presentation en avant premiere de son film Le Dernier Souffle a l Hotel de la Cite a Carcassonne en France le 18 janvier 2025."},{"@type":"BreadcrumbList","@id":"https:\/\/filmpolitique.fr\/?p=291#breadcrumb","itemListElement":[{"@type":"ListItem","position":1,"name":"Home","item":"https:\/\/filmpolitique.fr\/"},{"@type":"ListItem","position":2,"name":"Costa-Gavras : \u00ab La politique, c\u2019est chacun de nos actes dans la cit\u00e9 \u00bb"}]},{"@type":"WebSite","@id":"https:\/\/filmpolitique.fr\/#website","url":"https:\/\/filmpolitique.fr\/","name":"filmpolitique.fr","description":"Le cin\u00e9ma qui change le regard sur le monde","potentialAction":[{"@type":"SearchAction","target":{"@type":"EntryPoint","urlTemplate":"https:\/\/filmpolitique.fr\/?s={search_term_string}"},"query-input":{"@type":"PropertyValueSpecification","valueRequired":true,"valueName":"search_term_string"}}],"inLanguage":"fr-FR"},{"@type":"Person","@id":"https:\/\/filmpolitique.fr\/#\/schema\/person\/f7f1eb2ac9ba87f0152547f2847a6c34","name":"cinebastideblog","image":{"@type":"ImageObject","inLanguage":"fr-FR","@id":"https:\/\/filmpolitique.fr\/#\/schema\/person\/image\/","url":"https:\/\/secure.gravatar.com\/avatar\/71227138e4ddfa2dbc7dcb131573dc077cdf7b3a51a8aacb71d82aecf1cceea7?s=96&d=mm&r=g","contentUrl":"https:\/\/secure.gravatar.com\/avatar\/71227138e4ddfa2dbc7dcb131573dc077cdf7b3a51a8aacb71d82aecf1cceea7?s=96&d=mm&r=g","caption":"cinebastideblog"},"sameAs":["https:\/\/filmpolitique.org"],"url":"https:\/\/filmpolitique.fr\/?author=1"}]}},"_links":{"self":[{"href":"https:\/\/filmpolitique.fr\/index.php?rest_route=\/wp\/v2\/posts\/291","targetHints":{"allow":["GET"]}}],"collection":[{"href":"https:\/\/filmpolitique.fr\/index.php?rest_route=\/wp\/v2\/posts"}],"about":[{"href":"https:\/\/filmpolitique.fr\/index.php?rest_route=\/wp\/v2\/types\/post"}],"author":[{"embeddable":true,"href":"https:\/\/filmpolitique.fr\/index.php?rest_route=\/wp\/v2\/users\/1"}],"replies":[{"embeddable":true,"href":"https:\/\/filmpolitique.fr\/index.php?rest_route=%2Fwp%2Fv2%2Fcomments&post=291"}],"version-history":[{"count":14,"href":"https:\/\/filmpolitique.fr\/index.php?rest_route=\/wp\/v2\/posts\/291\/revisions"}],"predecessor-version":[{"id":892,"href":"https:\/\/filmpolitique.fr\/index.php?rest_route=\/wp\/v2\/posts\/291\/revisions\/892"}],"wp:featuredmedia":[{"embeddable":true,"href":"https:\/\/filmpolitique.fr\/index.php?rest_route=\/wp\/v2\/media\/389"}],"wp:attachment":[{"href":"https:\/\/filmpolitique.fr\/index.php?rest_route=%2Fwp%2Fv2%2Fmedia&parent=291"}],"wp:term":[{"taxonomy":"category","embeddable":true,"href":"https:\/\/filmpolitique.fr\/index.php?rest_route=%2Fwp%2Fv2%2Fcategories&post=291"},{"taxonomy":"post_tag","embeddable":true,"href":"https:\/\/filmpolitique.fr\/index.php?rest_route=%2Fwp%2Fv2%2Ftags&post=291"}],"curies":[{"name":"wp","href":"https:\/\/api.w.org\/{rel}","templated":true}]}}