{"id":571,"date":"2025-12-28T13:28:06","date_gmt":"2025-12-28T12:28:06","guid":{"rendered":"https:\/\/filmpolitique.org\/?p=571"},"modified":"2026-01-26T10:09:10","modified_gmt":"2026-01-26T09:09:10","slug":"tous-les-films-sont-politiques","status":"publish","type":"post","link":"https:\/\/filmpolitique.fr\/?p=571","title":{"rendered":"Tous les films sont politiques : Costa-Gavras et le cin\u00e9ma comme regard sur la cit\u00e9"},"content":{"rendered":"\n<h4 class=\"wp-block-heading\">Depuis huit ans, la m\u00eame question revient, insistante, presque obsessionnelle :\u00a0<strong>ce film est-il politique ?<\/strong> Elle surgit \u00e0 chaque comit\u00e9 de s\u00e9lection du\u00a0<strong><a href=\"https:\/\/festival-cinema-carcassonne.org\/fr\">Festival International du Film Politique de Carcassonne<\/a><\/strong>, comme une vigilance. Nous l\u2019avons pos\u00e9e \u00e0 des r\u00e9alisateurs, des acteurs, des sc\u00e9naristes venus de tous horizons. Puis un jour, elle s\u2019est impos\u00e9e d\u2019elle-m\u00eame \u00e0 celui qui semblait le plus \u00e0 m\u00eame d\u2019y r\u00e9pondre :\u00a0<strong>Costa-Gavras<\/strong>.<\/h4>\n\n\n\n<!--more-->\n\n\n<div class=\"wp-block-image\">\n<figure class=\"alignright size-large is-resized\"><img loading=\"lazy\" decoding=\"async\" width=\"683\" height=\"1024\" src=\"https:\/\/filmpolitique.org\/wp-content\/uploads\/2025\/12\/HL_BALOY_2655807-edited-683x1024.jpg\" alt=\"\" class=\"wp-image-331\" style=\"width:405px;height:auto\" srcset=\"https:\/\/filmpolitique.fr\/wp-content\/uploads\/2025\/12\/HL_BALOY_2655807-edited-683x1024.jpg 683w, https:\/\/filmpolitique.fr\/wp-content\/uploads\/2025\/12\/HL_BALOY_2655807-edited-200x300.jpg 200w, https:\/\/filmpolitique.fr\/wp-content\/uploads\/2025\/12\/HL_BALOY_2655807-edited-768x1152.jpg 768w, https:\/\/filmpolitique.fr\/wp-content\/uploads\/2025\/12\/HL_BALOY_2655807-edited-1024x1536.jpg 1024w, https:\/\/filmpolitique.fr\/wp-content\/uploads\/2025\/12\/HL_BALOY_2655807-edited-1365x2048.jpg 1365w, https:\/\/filmpolitique.fr\/wp-content\/uploads\/2025\/12\/HL_BALOY_2655807-edited-scaled.jpg 1707w\" sizes=\"auto, (max-width: 683px) 100vw, 683px\" \/><figcaption class=\"wp-element-caption\"><strong>\u00a9<\/strong> Babath Aloy \/ Hans Lucas<\/figcaption><\/figure>\n<\/div>\n\n\n<hr class=\"wp-block-separator has-alpha-channel-opacity\"\/>\n\n\n\n<p>Invit\u00e9 \u00e0 Carcassonne pour pr\u00e9senter&nbsp;<em>Le Dernier Souffle<\/em>, un film consacr\u00e9 \u00e0 la fin de vie, le r\u00e9alisateur de&nbsp;<em>Z<\/em>&nbsp;et de&nbsp;<em>L\u2019Aveu<\/em>&nbsp;n\u2019a pas esquiv\u00e9. Sa r\u00e9ponse, simple et directe, continue de r\u00e9sonner : \u00ab Tous les films sont politiques d\u00e8s lors qu\u2019ils concernent chacun de nous et qu\u2019ils abordent des sujets qui demandent des solutions. \u00bb<\/p>\n\n\n\n<p>Avant d\u2019ajouter, avec ce sourire qui d\u00e9samorce tout dogmatisme : \u00ab Tous les films sont politiques. M\u00eame le film le plus idiot fabrique des idiots, donc il est politique. \u00bb<\/p>\n\n\n\n<p>Difficile de faire plus clair \u2014 ou plus piquant. Pour Costa-Gavras, le cin\u00e9ma s\u2019adresse toujours \u00e0 une communaut\u00e9 de spectateurs. Il provoque des \u00e9motions, laisse des traces, fa\u00e7onne des imaginaires. Ensuite, le spectateur choisit : il en fait quelque chose\u2026 ou rien. Mais ce choix lui appartient. Une \u00e9vidence trop souvent oubli\u00e9e :&nbsp;le cin\u00e9ma influence notre mani\u00e8re de voir le monde, m\u00eame lorsqu\u2019il pr\u00e9tend n\u2019avoir \u00ab rien \u00e0 dire \u00bb.<\/p>\n\n\n\n<hr class=\"wp-block-separator has-alpha-channel-opacity\"\/>\n\n\n\n<p>Extrait d&rsquo;une discussion avec Costa-Gavras \u00e0 la 7e \u00e9dition du <em>Festival International du Film Politique<\/em> : <\/p>\n\n\n\n<figure class=\"wp-block-audio\"><audio controls src=\"https:\/\/filmpolitique.fr\/wp-content\/uploads\/2025\/12\/SON-esv2-70p-bg-4p.mp3\"><\/audio><\/figure>\n\n\n\n<p>Affirmer que tous les films sont politiques suppose toutefois de pr\u00e9ciser ce que l\u2019on entend par politique. Chez Costa-Gavras, elle ne se limite ni aux urnes ni aux institutions. Elle retrouve son sens originel :&nbsp;la polis, la cit\u00e9. La mani\u00e8re dont on vit ensemble, dont on regarde l\u2019autre, dont on partage un monde commun.<\/p>\n\n\n\n<p>Par ailleurs, lorsqu\u2019il affirme sans emphase que&nbsp;<strong>\u00ab<\/strong> le cin\u00e9ma a chang\u00e9 le monde \u00bb, Costa-Gavras ne provoque pas : il constate. Le cin\u00e9ma a d\u00e9plac\u00e9 les fronti\u00e8res en donnant acc\u00e8s \u00e0 des vies, des r\u00e9cits et des exp\u00e9riences que nous n\u2019aurions jamais rencontr\u00e9s autrement. C&rsquo;est ainsi qu&rsquo;il compose une m\u00e9moire sensible du pr\u00e9sent et fait circuler des exp\u00e9riences humaines \u00e0 l\u2019\u00e9chelle collective.<\/p>\n\n\n\n<p>Cette dimension collective est au c\u0153ur de sa port\u00e9e politique. Une salle, un \u00e9cran, des corps r\u00e9unis dans l\u2019obscurit\u00e9. \u00c0 l\u2019heure o\u00f9 les bulles num\u00e9riques fragmentent l\u2019espace public, rares sont les lieux qui produisent encore une \u00e9motion partag\u00e9e. Les Grecs avaient invent\u00e9 le th\u00e9\u00e2tre pour penser la cit\u00e9 ;&nbsp;par cons\u00e9quent le cin\u00e9ma prolonge ce geste dans la modernit\u00e9.<\/p>\n\n\n\n<p>Pour autant, Costa-Gavras ne sacralise rien. Il a film\u00e9 les dictatures, les abus de pouvoir, les impasses id\u00e9ologiques. Il sait que chaque \u00e9poque affronte ses propres questions. Le&nbsp;cin\u00e9ma politique&nbsp;n\u2019est jamais fig\u00e9 : il se transforme avec son temps, ses formes et ses r\u00e9cits.<\/p>\n\n\n\n<p>C\u2019est pourquoi, au&nbsp;Festival International du Film Politique de Carcassonne, nous d\u00e9fendons une id\u00e9e simple et exigeante :&nbsp;le film politique n\u2019est pas un genre, mais un regard. L\u00e0 o\u00f9 le cin\u00e9ma militant accuse ou d\u00e9montre, le cin\u00e9ma politique observe, r\u00e9v\u00e8le, met au jour. Il ne dicte pas une pens\u00e9e ; il invite \u00e0 regarder comment les choses fonctionnent.<\/p>\n\n\n\n<p>Filmer, c\u2019est toujours choisir. En effet, aucun film ne montre le monde tel qu\u2019il est, mais tel qu\u2019il est regard\u00e9. Un cadre, un silence, un montage : rien n\u2019est neutre. Montrer ou cacher, ralentir ou acc\u00e9l\u00e9rer, insister ou couper \u2014 chaque d\u00e9cision fabrique un point de vue.&nbsp;Filmer, c\u2019est interpr\u00e9ter. Et interpr\u00e9ter est un geste politique.<\/p>\n\n\n\n<p>Bien s\u00fbr, un film devient frontalement politique lorsqu\u2019il \u00e9claire des rapports de force sociaux, \u00e9conomiques, culturels ou intimes. Mais surtout, il l\u2019est lorsqu\u2019il laisse une place au spectateur. Lorsqu\u2019il ouvre un espace de pens\u00e9e au lieu d\u2019imposer une v\u00e9rit\u00e9. Sa force r\u00e9side l\u00e0 : transformer le spectateur en habitant de la cit\u00e9, et non en simple consommateur d\u2019images.<\/p>\n\n\n\n<p>Lancer, en 2018, un festival d\u00e9di\u00e9 au cin\u00e9ma politique relevait d\u2019une audace rare. Huit ans plus tard, le pari est tenu. Le&nbsp;Festival international du film politique&nbsp;s\u2019est impos\u00e9 comme un espace n\u00e9cessaire, o\u00f9 le cin\u00e9ma interroge autant qu\u2019il \u00e9claire. Ici, pas de slogans : des r\u00e9cits. Parce que seule une exigence artistique r\u00e9elle laisse au spectateur la libert\u00e9 de penser.<\/p>\n\n\n\n<p>Ainsi face aux crises d\u00e9mocratiques et aux fractures contemporaines,&nbsp;le cin\u00e9ma politique n\u2019est pas un luxe, mais une n\u00e9cessit\u00e9. L\u00e0 o\u00f9 tout se r\u00e9duit \u00e0 des punchlines, il ralentit, complexifie, ouvre des espaces. Comme le rappelle Costa-Gavras, faire un film politique ne consiste jamais \u00e0 donner des le\u00e7ons, mais \u00e0 cr\u00e9er des lieux o\u00f9 la pens\u00e9e peut encore circuler. Autrement dit :&nbsp;une histoire bien racont\u00e9e qui a quelque chose \u00e0 nous apprendre.<\/p>\n\n\n\n<p><\/p>\n","protected":false},"excerpt":{"rendered":"<p>Depuis huit ans, la m\u00eame question revient, insistante, presque obsessionnelle :\u00a0ce film est-il politique ? Elle surgit \u00e0 chaque comit\u00e9 de s\u00e9lection du\u00a0Festival international du film politique de Carcassonne, comme une vigilance. Nous l\u2019avons pos\u00e9e \u00e0 des r\u00e9alisateurs, des acteurs, des sc\u00e9naristes venus de tous horizons. Puis un jour, elle s\u2019est impos\u00e9e d\u2019elle-m\u00eame \u00e0 celui qui semblait le plus \u00e0 m\u00eame d\u2019y r\u00e9pondre :\u00a0Costa-Gavras.<\/p>\n","protected":false},"author":4,"featured_media":703,"comment_status":"open","ping_status":"open","sticky":false,"template":"","format":"standard","meta":{"footnotes":""},"categories":[10],"tags":[12,19],"class_list":["post-571","post","type-post","status-publish","format-standard","has-post-thumbnail","hentry","category-billets","tag-cinema","tag-politique"],"yoast_head":"<!-- This site is optimized with the Yoast SEO plugin v26.5 - https:\/\/yoast.com\/wordpress\/plugins\/seo\/ -->\n<title>Tous les films sont politiques : Costa-Gavras et le cin\u00e9ma politique<\/title>\n<meta name=\"description\" content=\"Costa-Gavras affirme que tous les films sont politiques. Une r\u00e9flexion sur le cin\u00e9ma et la politique, la cit\u00e9 et le r\u00f4le du spectateur.\" \/>\n<meta name=\"robots\" content=\"index, follow, max-snippet:-1, max-image-preview:large, max-video-preview:-1\" \/>\n<link rel=\"canonical\" href=\"https:\/\/filmpolitique.fr\/?p=571\" \/>\n<meta property=\"og:locale\" content=\"fr_FR\" \/>\n<meta property=\"og:type\" content=\"article\" \/>\n<meta property=\"og:title\" content=\"Tous les films sont politiques : Costa-Gavras et le cin\u00e9ma politique\" \/>\n<meta property=\"og:description\" content=\"Costa-Gavras affirme que tous les films sont politiques. Une r\u00e9flexion sur le cin\u00e9ma et la politique, la cit\u00e9 et le r\u00f4le du spectateur.\" \/>\n<meta property=\"og:url\" content=\"https:\/\/filmpolitique.fr\/?p=571\" \/>\n<meta property=\"og:site_name\" content=\"filmpolitique.fr\" \/>\n<meta property=\"article:published_time\" content=\"2025-12-28T12:28:06+00:00\" \/>\n<meta property=\"article:modified_time\" content=\"2026-01-26T09:09:10+00:00\" \/>\n<meta property=\"og:image\" content=\"https:\/\/filmpolitique.fr\/wp-content\/uploads\/2025\/12\/cropped-cropped-HL_LDEMARTINI_2682139-edited-scaled-1.jpg\" \/>\n\t<meta property=\"og:image:width\" content=\"1706\" \/>\n\t<meta property=\"og:image:height\" content=\"1706\" \/>\n\t<meta property=\"og:image:type\" content=\"image\/jpeg\" \/>\n<meta name=\"author\" content=\"Francine RAYMOND\" \/>\n<meta name=\"twitter:card\" content=\"summary_large_image\" \/>\n<meta name=\"twitter:label1\" content=\"\u00c9crit par\" \/>\n\t<meta name=\"twitter:data1\" content=\"Francine RAYMOND\" \/>\n\t<meta name=\"twitter:label2\" content=\"Dur\u00e9e de lecture estim\u00e9e\" \/>\n\t<meta name=\"twitter:data2\" content=\"5 minutes\" \/>\n<script type=\"application\/ld+json\" class=\"yoast-schema-graph\">{\"@context\":\"https:\/\/schema.org\",\"@graph\":[{\"@type\":\"WebPage\",\"@id\":\"https:\/\/filmpolitique.fr\/?p=571\",\"url\":\"https:\/\/filmpolitique.fr\/?p=571\",\"name\":\"Tous les films sont politiques : Costa-Gavras et le cin\u00e9ma politique\",\"isPartOf\":{\"@id\":\"https:\/\/filmpolitique.fr\/#website\"},\"primaryImageOfPage\":{\"@id\":\"https:\/\/filmpolitique.fr\/?p=571#primaryimage\"},\"image\":{\"@id\":\"https:\/\/filmpolitique.fr\/?p=571#primaryimage\"},\"thumbnailUrl\":\"https:\/\/filmpolitique.fr\/wp-content\/uploads\/2025\/12\/cropped-cropped-HL_LDEMARTINI_2682139-edited-scaled-1.jpg\",\"datePublished\":\"2025-12-28T12:28:06+00:00\",\"dateModified\":\"2026-01-26T09:09:10+00:00\",\"author\":{\"@id\":\"https:\/\/filmpolitique.fr\/#\/schema\/person\/da876aae854002771749cf3bd291335f\"},\"description\":\"Costa-Gavras affirme que tous les films sont politiques. Une r\u00e9flexion sur le cin\u00e9ma et la politique, la cit\u00e9 et le r\u00f4le du spectateur.\",\"breadcrumb\":{\"@id\":\"https:\/\/filmpolitique.fr\/?p=571#breadcrumb\"},\"inLanguage\":\"fr-FR\",\"potentialAction\":[{\"@type\":\"ReadAction\",\"target\":[\"https:\/\/filmpolitique.fr\/?p=571\"]}]},{\"@type\":\"ImageObject\",\"inLanguage\":\"fr-FR\",\"@id\":\"https:\/\/filmpolitique.fr\/?p=571#primaryimage\",\"url\":\"https:\/\/filmpolitique.fr\/wp-content\/uploads\/2025\/12\/cropped-cropped-HL_LDEMARTINI_2682139-edited-scaled-1.jpg\",\"contentUrl\":\"https:\/\/filmpolitique.fr\/wp-content\/uploads\/2025\/12\/cropped-cropped-HL_LDEMARTINI_2682139-edited-scaled-1.jpg\",\"width\":1706,\"height\":1706,\"caption\":\"Portrait of renowned Franco Greek filmmaker Costa Gavras made at the 7th Carcassonne International Political Film Festival on the occasion of the premiere of his film Le Dernier Souffle at the Hotel de la Cite in Carcassonne, France, on January 18, 2025. Portrait du celebre cineaste franco grec Costa Gavras realise lors de la 7e edition du Festival international du film politique de Carcassonne a l occasion de la presentation en avant premiere de son film Le Dernier Souffle a l Hotel de la Cite a Carcassonne en France le 18 janvier 2025.\"},{\"@type\":\"BreadcrumbList\",\"@id\":\"https:\/\/filmpolitique.fr\/?p=571#breadcrumb\",\"itemListElement\":[{\"@type\":\"ListItem\",\"position\":1,\"name\":\"Home\",\"item\":\"https:\/\/filmpolitique.fr\/\"},{\"@type\":\"ListItem\",\"position\":2,\"name\":\"Tous les films sont politiques : Costa-Gavras et le cin\u00e9ma comme regard sur la cit\u00e9\"}]},{\"@type\":\"WebSite\",\"@id\":\"https:\/\/filmpolitique.fr\/#website\",\"url\":\"https:\/\/filmpolitique.fr\/\",\"name\":\"filmpolitique.fr\",\"description\":\"Le cin\u00e9ma qui change le regard sur le monde\",\"potentialAction\":[{\"@type\":\"SearchAction\",\"target\":{\"@type\":\"EntryPoint\",\"urlTemplate\":\"https:\/\/filmpolitique.fr\/?s={search_term_string}\"},\"query-input\":{\"@type\":\"PropertyValueSpecification\",\"valueRequired\":true,\"valueName\":\"search_term_string\"}}],\"inLanguage\":\"fr-FR\"},{\"@type\":\"Person\",\"@id\":\"https:\/\/filmpolitique.fr\/#\/schema\/person\/da876aae854002771749cf3bd291335f\",\"name\":\"Francine RAYMOND\",\"image\":{\"@type\":\"ImageObject\",\"inLanguage\":\"fr-FR\",\"@id\":\"https:\/\/filmpolitique.fr\/#\/schema\/person\/image\/\",\"url\":\"https:\/\/secure.gravatar.com\/avatar\/200c61c5073bf9ac59128dbd3a46685c62cef651e59a55f069dfc796e6754945?s=96&d=mm&r=g\",\"contentUrl\":\"https:\/\/secure.gravatar.com\/avatar\/200c61c5073bf9ac59128dbd3a46685c62cef651e59a55f069dfc796e6754945?s=96&d=mm&r=g\",\"caption\":\"Francine RAYMOND\"},\"url\":\"https:\/\/filmpolitique.fr\/?author=4\"}]}<\/script>\n<!-- \/ Yoast SEO plugin. -->","yoast_head_json":{"title":"Tous les films sont politiques : Costa-Gavras et le cin\u00e9ma politique","description":"Costa-Gavras affirme que tous les films sont politiques. Une r\u00e9flexion sur le cin\u00e9ma et la politique, la cit\u00e9 et le r\u00f4le du spectateur.","robots":{"index":"index","follow":"follow","max-snippet":"max-snippet:-1","max-image-preview":"max-image-preview:large","max-video-preview":"max-video-preview:-1"},"canonical":"https:\/\/filmpolitique.fr\/?p=571","og_locale":"fr_FR","og_type":"article","og_title":"Tous les films sont politiques : Costa-Gavras et le cin\u00e9ma politique","og_description":"Costa-Gavras affirme que tous les films sont politiques. Une r\u00e9flexion sur le cin\u00e9ma et la politique, la cit\u00e9 et le r\u00f4le du spectateur.","og_url":"https:\/\/filmpolitique.fr\/?p=571","og_site_name":"filmpolitique.fr","article_published_time":"2025-12-28T12:28:06+00:00","article_modified_time":"2026-01-26T09:09:10+00:00","og_image":[{"width":1706,"height":1706,"url":"https:\/\/filmpolitique.fr\/wp-content\/uploads\/2025\/12\/cropped-cropped-HL_LDEMARTINI_2682139-edited-scaled-1.jpg","type":"image\/jpeg"}],"author":"Francine RAYMOND","twitter_card":"summary_large_image","twitter_misc":{"\u00c9crit par":"Francine RAYMOND","Dur\u00e9e de lecture estim\u00e9e":"5 minutes"},"schema":{"@context":"https:\/\/schema.org","@graph":[{"@type":"WebPage","@id":"https:\/\/filmpolitique.fr\/?p=571","url":"https:\/\/filmpolitique.fr\/?p=571","name":"Tous les films sont politiques : Costa-Gavras et le cin\u00e9ma politique","isPartOf":{"@id":"https:\/\/filmpolitique.fr\/#website"},"primaryImageOfPage":{"@id":"https:\/\/filmpolitique.fr\/?p=571#primaryimage"},"image":{"@id":"https:\/\/filmpolitique.fr\/?p=571#primaryimage"},"thumbnailUrl":"https:\/\/filmpolitique.fr\/wp-content\/uploads\/2025\/12\/cropped-cropped-HL_LDEMARTINI_2682139-edited-scaled-1.jpg","datePublished":"2025-12-28T12:28:06+00:00","dateModified":"2026-01-26T09:09:10+00:00","author":{"@id":"https:\/\/filmpolitique.fr\/#\/schema\/person\/da876aae854002771749cf3bd291335f"},"description":"Costa-Gavras affirme que tous les films sont politiques. Une r\u00e9flexion sur le cin\u00e9ma et la politique, la cit\u00e9 et le r\u00f4le du spectateur.","breadcrumb":{"@id":"https:\/\/filmpolitique.fr\/?p=571#breadcrumb"},"inLanguage":"fr-FR","potentialAction":[{"@type":"ReadAction","target":["https:\/\/filmpolitique.fr\/?p=571"]}]},{"@type":"ImageObject","inLanguage":"fr-FR","@id":"https:\/\/filmpolitique.fr\/?p=571#primaryimage","url":"https:\/\/filmpolitique.fr\/wp-content\/uploads\/2025\/12\/cropped-cropped-HL_LDEMARTINI_2682139-edited-scaled-1.jpg","contentUrl":"https:\/\/filmpolitique.fr\/wp-content\/uploads\/2025\/12\/cropped-cropped-HL_LDEMARTINI_2682139-edited-scaled-1.jpg","width":1706,"height":1706,"caption":"Portrait of renowned Franco Greek filmmaker Costa Gavras made at the 7th Carcassonne International Political Film Festival on the occasion of the premiere of his film Le Dernier Souffle at the Hotel de la Cite in Carcassonne, France, on January 18, 2025. Portrait du celebre cineaste franco grec Costa Gavras realise lors de la 7e edition du Festival international du film politique de Carcassonne a l occasion de la presentation en avant premiere de son film Le Dernier Souffle a l Hotel de la Cite a Carcassonne en France le 18 janvier 2025."},{"@type":"BreadcrumbList","@id":"https:\/\/filmpolitique.fr\/?p=571#breadcrumb","itemListElement":[{"@type":"ListItem","position":1,"name":"Home","item":"https:\/\/filmpolitique.fr\/"},{"@type":"ListItem","position":2,"name":"Tous les films sont politiques : Costa-Gavras et le cin\u00e9ma comme regard sur la cit\u00e9"}]},{"@type":"WebSite","@id":"https:\/\/filmpolitique.fr\/#website","url":"https:\/\/filmpolitique.fr\/","name":"filmpolitique.fr","description":"Le cin\u00e9ma qui change le regard sur le monde","potentialAction":[{"@type":"SearchAction","target":{"@type":"EntryPoint","urlTemplate":"https:\/\/filmpolitique.fr\/?s={search_term_string}"},"query-input":{"@type":"PropertyValueSpecification","valueRequired":true,"valueName":"search_term_string"}}],"inLanguage":"fr-FR"},{"@type":"Person","@id":"https:\/\/filmpolitique.fr\/#\/schema\/person\/da876aae854002771749cf3bd291335f","name":"Francine RAYMOND","image":{"@type":"ImageObject","inLanguage":"fr-FR","@id":"https:\/\/filmpolitique.fr\/#\/schema\/person\/image\/","url":"https:\/\/secure.gravatar.com\/avatar\/200c61c5073bf9ac59128dbd3a46685c62cef651e59a55f069dfc796e6754945?s=96&d=mm&r=g","contentUrl":"https:\/\/secure.gravatar.com\/avatar\/200c61c5073bf9ac59128dbd3a46685c62cef651e59a55f069dfc796e6754945?s=96&d=mm&r=g","caption":"Francine RAYMOND"},"url":"https:\/\/filmpolitique.fr\/?author=4"}]}},"_links":{"self":[{"href":"https:\/\/filmpolitique.fr\/index.php?rest_route=\/wp\/v2\/posts\/571","targetHints":{"allow":["GET"]}}],"collection":[{"href":"https:\/\/filmpolitique.fr\/index.php?rest_route=\/wp\/v2\/posts"}],"about":[{"href":"https:\/\/filmpolitique.fr\/index.php?rest_route=\/wp\/v2\/types\/post"}],"author":[{"embeddable":true,"href":"https:\/\/filmpolitique.fr\/index.php?rest_route=\/wp\/v2\/users\/4"}],"replies":[{"embeddable":true,"href":"https:\/\/filmpolitique.fr\/index.php?rest_route=%2Fwp%2Fv2%2Fcomments&post=571"}],"version-history":[{"count":8,"href":"https:\/\/filmpolitique.fr\/index.php?rest_route=\/wp\/v2\/posts\/571\/revisions"}],"predecessor-version":[{"id":1001,"href":"https:\/\/filmpolitique.fr\/index.php?rest_route=\/wp\/v2\/posts\/571\/revisions\/1001"}],"wp:featuredmedia":[{"embeddable":true,"href":"https:\/\/filmpolitique.fr\/index.php?rest_route=\/wp\/v2\/media\/703"}],"wp:attachment":[{"href":"https:\/\/filmpolitique.fr\/index.php?rest_route=%2Fwp%2Fv2%2Fmedia&parent=571"}],"wp:term":[{"taxonomy":"category","embeddable":true,"href":"https:\/\/filmpolitique.fr\/index.php?rest_route=%2Fwp%2Fv2%2Fcategories&post=571"},{"taxonomy":"post_tag","embeddable":true,"href":"https:\/\/filmpolitique.fr\/index.php?rest_route=%2Fwp%2Fv2%2Ftags&post=571"}],"curies":[{"name":"wp","href":"https:\/\/api.w.org\/{rel}","templated":true}]}}