{"id":866,"date":"2026-01-14T13:43:20","date_gmt":"2026-01-14T12:43:20","guid":{"rendered":"https:\/\/filmpolitique.org\/?p=866"},"modified":"2026-01-14T13:44:32","modified_gmt":"2026-01-14T12:44:32","slug":"reporter-de-guerre-comment-filmer-la-guerre-aujourdhui","status":"publish","type":"post","link":"https:\/\/filmpolitique.fr\/?p=866","title":{"rendered":"Reporter de guerre : comment filmer la guerre aujourd\u2019hui ?"},"content":{"rendered":"\n<h4 class=\"wp-block-heading\">Lors de l\u2019\u00e9dition 2025 du&nbsp;<strong><a href=\"https:\/\/festival-cinema-carcassonne.org\/fr\">Festival International du Film Politique de Carcassonne<\/a><\/strong>, le public a pu assister \u00e0 une table ronde r\u00e9unissant&nbsp;<strong>Patrick Chauvel<\/strong>, reporter de guerre depuis les ann\u00e9es 1970,&nbsp;<strong>Herv\u00e9 Bougon<\/strong>, responsable de la programmation longs m\u00e9trages du festival&nbsp;<em><a href=\"https:\/\/waronscreen.com\/fr\">War on Screen<\/a><\/em>, et&nbsp;<strong>Matthieu Bonnery<\/strong>, expert en intelligence strat\u00e9gique et membre du comit\u00e9 de s\u00e9lection du festival. \u00c0 travers leurs \u00e9changes, les intervenants ont mis en lumi\u00e8re les liens \u00e9troits entre&nbsp;<strong>reportage de guerre, documentaire de cr\u00e9ation et cin\u00e9ma de fiction<\/strong>.<\/h4>\n\n\n\n<!--more-->\n\n\n\n<h5 class=\"wp-block-heading\">Le reporter de guerre, des m\u00e9dias d\u2019information au cin\u00e9ma<\/h5>\n\n\n\n<p>Figure centrale du r\u00e9cit politique et historique, le reporter de guerre irrigue le cin\u00e9ma depuis ses d\u00e9buts. Cette profession, intimement li\u00e9e au journalisme, entretient depuis longtemps un dialogue f\u00e9cond avec le septi\u00e8me art. Ces derni\u00e8res ann\u00e9es, plusieurs films ont mis en sc\u00e8ne des photographes de guerre, fictifs ou r\u00e9els :&nbsp;<em>Lee Miller<\/em>&nbsp;(Ellen Kuras, 2023),&nbsp;<em>Civil War<\/em>&nbsp;(Alex Garland, 2024) ou&nbsp;<em>Camille<\/em>&nbsp;(Boris Lojkine, 2019), inspir\u00e9 de la vie de Camille Lepage. C\u00f4t\u00e9 documentaire,&nbsp;<em>Riverboom<\/em>&nbsp;(Claude Baechtold, 2023) plonge le spectateur dans l\u2019Afghanistan en guerre.<\/p>\n\n\n\n<p>Le mouvement inverse existe \u00e9galement. Pendant la Seconde Guerre mondiale, des cin\u00e9astes comme&nbsp;George Stevens,&nbsp;Samuel Fuller&nbsp;ou&nbsp;John Ford&nbsp;ont document\u00e9 l\u2019avanc\u00e9e des troupes alli\u00e9es. Leurs images ont parfois servi de preuves historiques, notamment lors du&nbsp;proc\u00e8s de Nuremberg.<\/p>\n\n\n\n<p>Pour Patrick Chauvel, le reportage de guerre est avant tout un outil pour raconter l\u2019Histoire et t\u00e9moigner du monde. Son objectif reste la qu\u00eate d\u2019une v\u00e9rit\u00e9, peut-\u00eatre illusoire, mais toujours recherch\u00e9e. De la pr\u00e9paration du terrain \u00e0 la confrontation au danger, il d\u00e9crit une pratique rigoureuse, loin d\u2019une d\u00e9marche esth\u00e9tique revendiqu\u00e9e \u00e0 la mani\u00e8re de&nbsp;James Nachtwey, auquel Christian Frei consacrait&nbsp;<em>War Photographer<\/em>&nbsp;en 2001.<\/p>\n\n\n<div class=\"wp-block-image\">\n<figure class=\"aligncenter size-large is-resized\"><img fetchpriority=\"high\" decoding=\"async\" width=\"1024\" height=\"683\" src=\"https:\/\/filmpolitique.org\/wp-content\/uploads\/2026\/01\/HL_BALOY_2634702-1024x683.jpg\" alt=\"\" class=\"wp-image-867\" style=\"aspect-ratio:1.4992732765254069;width:643px;height:auto\" srcset=\"https:\/\/filmpolitique.fr\/wp-content\/uploads\/2026\/01\/HL_BALOY_2634702-1024x683.jpg 1024w, https:\/\/filmpolitique.fr\/wp-content\/uploads\/2026\/01\/HL_BALOY_2634702-300x200.jpg 300w, https:\/\/filmpolitique.fr\/wp-content\/uploads\/2026\/01\/HL_BALOY_2634702-768x512.jpg 768w, https:\/\/filmpolitique.fr\/wp-content\/uploads\/2026\/01\/HL_BALOY_2634702-1536x1024.jpg 1536w, https:\/\/filmpolitique.fr\/wp-content\/uploads\/2026\/01\/HL_BALOY_2634702-2048x1365.jpg 2048w, https:\/\/filmpolitique.fr\/wp-content\/uploads\/2026\/01\/HL_BALOY_2634702-90x60.jpg 90w, https:\/\/filmpolitique.fr\/wp-content\/uploads\/2026\/01\/HL_BALOY_2634702-374x249.jpg 374w\" sizes=\"(max-width: 1024px) 100vw, 1024px\" \/><figcaption class=\"wp-element-caption\"><strong>\u00a9<\/strong> Babeth Aloy \/ Hans Lucas<\/figcaption><\/figure>\n<\/div>\n\n\n<h5 class=\"wp-block-heading\">Parler de la guerre au cin\u00e9ma<\/h5>\n\n\n\n<p>Cette approche d\u2019auteur est pr\u00e9cis\u00e9ment celle que d\u00e9fendent&nbsp;Herv\u00e9 Bougon&nbsp;et&nbsp;Matthieu Bonnery&nbsp;dans la programmation de&nbsp;<em>War on Screen<\/em>&nbsp;et du Festival du Film Politique. Le&nbsp;film de guerre&nbsp;traverse l\u2019histoire du cin\u00e9ma mondial, de toutes les \u00e9poques et sur tous les continents. Des m\u00e9lodrames muets de&nbsp;Frank Borzage&nbsp;aux fresques contemporaines, le cin\u00e9ma a constamment interrog\u00e9 les conflits pass\u00e9s, pr\u00e9sents et futurs \u2014 jusqu\u2019\u00e0 la satire militaire de&nbsp;<em>Starship Troopers<\/em>&nbsp;(Paul Verhoeven, 1997).<\/p>\n\n\n\n<p>Tout au long du XX\u1d49 si\u00e8cle, le cin\u00e9ma de guerre a accompagn\u00e9 la mont\u00e9e des totalitarismes, la propagande des ann\u00e9es 1930-1940, puis le traumatisme du conflit vietnamien, au moment de l\u2019\u00e9mergence du&nbsp;Nouvel Hollywood. En France,&nbsp;Pierre Schoendoerffer, ancien reporter de guerre, a lui aussi mis en sc\u00e8ne son exp\u00e9rience, notamment dans les anciennes colonies fran\u00e7aises d\u2019Asie du Sud-Est.<\/p>\n\n\n\n<p>Sur le terrain documentaire, des cin\u00e9astes comme&nbsp;Chris Marker&nbsp;(<em>Le fond de l\u2019air est rouge<\/em>, 1977) ou&nbsp;Ken Burns&nbsp;ont explor\u00e9 l\u2019Histoire \u00e0 travers le prisme du conflit. Lors de la prochaine \u00e9dition du festival, du 15 au 19 janvier, le cin\u00e9ma contemporain continuera d\u2019interroger les guerres actuelles, notamment en&nbsp;Ukraine&nbsp;ou \u00e0&nbsp;Gaza.<\/p>\n\n\n\n<h5 class=\"wp-block-heading\">Vers une \u00e9thique de la repr\u00e9sentation ?<\/h5>\n\n\n\n<p>La repr\u00e9sentation de la souffrance civile, des corps mutil\u00e9s et des ravages de la guerre pose des questions \u00e9thiques majeures. De la photographie au cin\u00e9ma, de la fiction au documentaire, ces d\u00e9bats traversent toute l\u2019histoire des images. Jean-Luc Godard r\u00e9sumait cette tension dans&nbsp;<em>Histoire(s) du cin\u00e9ma<\/em>&nbsp;:<\/p>\n\n\n\n<p>\u00ab <em><strong>Pas de gros plan, la souffrance n\u2019est pas une star<\/strong><\/em>. \u00bb <em>Jean-Luc Godar<\/em>d<\/p>\n\n\n\n<p>Peut-on tout montrer ? Et si oui, comment ? Dans son texte&nbsp;<em>De l\u2019abjection<\/em>&nbsp;publi\u00e9 en 1961 dans&nbsp;<em>Les Cahiers du cin\u00e9ma<\/em>,&nbsp;Jacques Rivette&nbsp;d\u00e9non\u00e7ait d\u00e9j\u00e0 certaines formes de mise en sc\u00e8ne jug\u00e9es ind\u00e9centes, \u00e0 propos de&nbsp;<em>Kapo<\/em>&nbsp;de Gillo Pontecorvo.<\/p>\n\n\n\n<p>Face \u00e0 ces interrogations, Patrick Chauvel propose une distinction essentielle :\u00a0tout peut \u00eatre photographi\u00e9 ou film\u00e9, mais tout ne peut pas \u00eatre montr\u00e9. Le choc des images, oui \u2014 mais jamais \u00e0 n\u2019importe quel prix.<\/p>\n\n\n\n<p>Pour prolonger la discussion, retrouvez notre rencontre avec Patrick Chauvel.<\/p>\n\n\n\n<figure class=\"wp-block-embed is-type-video is-provider-youtube wp-block-embed-youtube wp-embed-aspect-16-9 wp-has-aspect-ratio\"><div class=\"wp-block-embed__wrapper\">\n<iframe title=\"FILMER LA GUERRE Masterclass exceptionnelle avec Patrick Chauvel\" width=\"640\" height=\"360\" src=\"https:\/\/www.youtube.com\/embed\/WJx_2rQyH2o?feature=oembed\" frameborder=\"0\" allow=\"accelerometer; autoplay; clipboard-write; encrypted-media; gyroscope; picture-in-picture; web-share\" referrerpolicy=\"strict-origin-when-cross-origin\" allowfullscreen><\/iframe>\n<\/div><\/figure>\n\n\n\n<p><\/p>\n","protected":false},"excerpt":{"rendered":"<p>Lors de l\u2019\u00e9dition 2025 du\u00a0Festival International du Film Politique de Carcassonne, le public a pu assister \u00e0 une table ronde r\u00e9unissant\u00a0Patrick Chauvel, reporter de guerre depuis les ann\u00e9es 1970,\u00a0Herv\u00e9 Bougon, responsable de la programmation longs m\u00e9trages du festival\u00a0War on Screen, et\u00a0Matthieu Bonnery, expert en intelligence strat\u00e9gique et membre du comit\u00e9 de s\u00e9lection du festival. \u00c0 travers leurs \u00e9changes, les intervenants ont mis en lumi\u00e8re les liens \u00e9troits entre\u00a0reportage de guerre, documentaire de cr\u00e9ation et cin\u00e9ma de fiction.<\/p>\n","protected":false},"author":1,"featured_media":867,"comment_status":"open","ping_status":"open","sticky":false,"template":"","format":"standard","meta":{"footnotes":""},"categories":[7],"tags":[12,30],"class_list":["post-866","post","type-post","status-publish","format-standard","has-post-thumbnail","hentry","category-interviews-filmees","tag-cinema","tag-guerre"],"yoast_head":"<!-- This site is optimized with the Yoast SEO plugin v26.5 - https:\/\/yoast.com\/wordpress\/plugins\/seo\/ -->\n<title>Reporter de guerre et cin\u00e9ma : comment filmer la guerre<\/title>\n<meta name=\"description\" content=\"Reporter de guerre, documentaire et fiction : une table ronde du FIFP interroge la repr\u00e9sentation de la guerre au cin\u00e9ma.\" \/>\n<meta name=\"robots\" content=\"index, follow, max-snippet:-1, max-image-preview:large, max-video-preview:-1\" \/>\n<link rel=\"canonical\" href=\"https:\/\/filmpolitique.fr\/?p=866\" \/>\n<meta property=\"og:locale\" content=\"fr_FR\" \/>\n<meta property=\"og:type\" content=\"article\" \/>\n<meta property=\"og:title\" content=\"Reporter de guerre et cin\u00e9ma : comment filmer la guerre\" \/>\n<meta property=\"og:description\" content=\"Reporter de guerre, documentaire et fiction : une table ronde du FIFP interroge la repr\u00e9sentation de la guerre au cin\u00e9ma.\" \/>\n<meta property=\"og:url\" content=\"https:\/\/filmpolitique.fr\/?p=866\" \/>\n<meta property=\"og:site_name\" content=\"filmpolitique.fr\" \/>\n<meta property=\"article:published_time\" content=\"2026-01-14T12:43:20+00:00\" \/>\n<meta property=\"article:modified_time\" content=\"2026-01-14T12:44:32+00:00\" \/>\n<meta property=\"og:image\" content=\"https:\/\/filmpolitique.fr\/wp-content\/uploads\/2026\/01\/HL_BALOY_2634702-scaled.jpg\" \/>\n\t<meta property=\"og:image:width\" content=\"2560\" \/>\n\t<meta property=\"og:image:height\" content=\"1706\" \/>\n\t<meta property=\"og:image:type\" content=\"image\/jpeg\" \/>\n<meta name=\"author\" content=\"cinebastideblog\" \/>\n<meta name=\"twitter:card\" content=\"summary_large_image\" \/>\n<meta name=\"twitter:label1\" content=\"\u00c9crit par\" \/>\n\t<meta name=\"twitter:data1\" content=\"cinebastideblog\" \/>\n\t<meta name=\"twitter:label2\" content=\"Dur\u00e9e de lecture estim\u00e9e\" \/>\n\t<meta name=\"twitter:data2\" content=\"4 minutes\" \/>\n<script type=\"application\/ld+json\" class=\"yoast-schema-graph\">{\"@context\":\"https:\/\/schema.org\",\"@graph\":[{\"@type\":\"Article\",\"@id\":\"https:\/\/filmpolitique.fr\/?p=866#article\",\"isPartOf\":{\"@id\":\"https:\/\/filmpolitique.fr\/?p=866\"},\"author\":{\"name\":\"cinebastideblog\",\"@id\":\"https:\/\/filmpolitique.fr\/#\/schema\/person\/f7f1eb2ac9ba87f0152547f2847a6c34\"},\"headline\":\"Reporter de guerre : comment filmer la guerre aujourd\u2019hui ?\",\"datePublished\":\"2026-01-14T12:43:20+00:00\",\"dateModified\":\"2026-01-14T12:44:32+00:00\",\"mainEntityOfPage\":{\"@id\":\"https:\/\/filmpolitique.fr\/?p=866\"},\"wordCount\":762,\"commentCount\":0,\"publisher\":{\"@id\":\"https:\/\/filmpolitique.fr\/#organization\"},\"image\":{\"@id\":\"https:\/\/filmpolitique.fr\/?p=866#primaryimage\"},\"thumbnailUrl\":\"https:\/\/filmpolitique.fr\/wp-content\/uploads\/2026\/01\/HL_BALOY_2634702-scaled.jpg\",\"keywords\":[\"cin\u00e9ma\",\"guerre\"],\"articleSection\":[\"Interviews film\u00e9es\"],\"inLanguage\":\"fr-FR\",\"potentialAction\":[{\"@type\":\"CommentAction\",\"name\":\"Comment\",\"target\":[\"https:\/\/filmpolitique.fr\/?p=866#respond\"]}]},{\"@type\":\"WebPage\",\"@id\":\"https:\/\/filmpolitique.fr\/?p=866\",\"url\":\"https:\/\/filmpolitique.fr\/?p=866\",\"name\":\"Reporter de guerre et cin\u00e9ma : comment filmer la guerre\",\"isPartOf\":{\"@id\":\"https:\/\/filmpolitique.fr\/#website\"},\"primaryImageOfPage\":{\"@id\":\"https:\/\/filmpolitique.fr\/?p=866#primaryimage\"},\"image\":{\"@id\":\"https:\/\/filmpolitique.fr\/?p=866#primaryimage\"},\"thumbnailUrl\":\"https:\/\/filmpolitique.fr\/wp-content\/uploads\/2026\/01\/HL_BALOY_2634702-scaled.jpg\",\"datePublished\":\"2026-01-14T12:43:20+00:00\",\"dateModified\":\"2026-01-14T12:44:32+00:00\",\"description\":\"Reporter de guerre, documentaire et fiction : une table ronde du FIFP interroge la repr\u00e9sentation de la guerre au cin\u00e9ma.\",\"breadcrumb\":{\"@id\":\"https:\/\/filmpolitique.fr\/?p=866#breadcrumb\"},\"inLanguage\":\"fr-FR\",\"potentialAction\":[{\"@type\":\"ReadAction\",\"target\":[\"https:\/\/filmpolitique.fr\/?p=866\"]}]},{\"@type\":\"ImageObject\",\"inLanguage\":\"fr-FR\",\"@id\":\"https:\/\/filmpolitique.fr\/?p=866#primaryimage\",\"url\":\"https:\/\/filmpolitique.fr\/wp-content\/uploads\/2026\/01\/HL_BALOY_2634702-scaled.jpg\",\"contentUrl\":\"https:\/\/filmpolitique.fr\/wp-content\/uploads\/2026\/01\/HL_BALOY_2634702-scaled.jpg\",\"width\":2560,\"height\":1706,\"caption\":\"Portrait of Patrick Chauvel, photojournalist, on the occasion of the Carcassonne Political Film Festival, in Carcassonne Occitanie France on 16 January 2025. Portrait de Patrick Chauvel, photojourrnaliste, a l occasion du Festival du Film Politique de Carcassonne, a Carcassonne Occitanie France le 16 janvier 2025.\"},{\"@type\":\"BreadcrumbList\",\"@id\":\"https:\/\/filmpolitique.fr\/?p=866#breadcrumb\",\"itemListElement\":[{\"@type\":\"ListItem\",\"position\":1,\"name\":\"Home\",\"item\":\"https:\/\/filmpolitique.fr\/\"},{\"@type\":\"ListItem\",\"position\":2,\"name\":\"Reporter de guerre : comment filmer la guerre aujourd\u2019hui ?\"}]},{\"@type\":\"WebSite\",\"@id\":\"https:\/\/filmpolitique.fr\/#website\",\"url\":\"https:\/\/filmpolitique.fr\/\",\"name\":\"filmpolitique.fr\",\"description\":\"Une plateforme propos\u00e9e par le Festival International du Film Politique de Carcassonne\",\"publisher\":{\"@id\":\"https:\/\/filmpolitique.fr\/#organization\"},\"potentialAction\":[{\"@type\":\"SearchAction\",\"target\":{\"@type\":\"EntryPoint\",\"urlTemplate\":\"https:\/\/filmpolitique.fr\/?s={search_term_string}\"},\"query-input\":{\"@type\":\"PropertyValueSpecification\",\"valueRequired\":true,\"valueName\":\"search_term_string\"}}],\"inLanguage\":\"fr-FR\"},{\"@type\":\"Organization\",\"@id\":\"https:\/\/filmpolitique.fr\/#organization\",\"name\":\"filmpolitique.fr\",\"url\":\"https:\/\/filmpolitique.fr\/\",\"logo\":{\"@type\":\"ImageObject\",\"inLanguage\":\"fr-FR\",\"@id\":\"https:\/\/filmpolitique.fr\/#\/schema\/logo\/image\/\",\"url\":\"https:\/\/filmpolitique.fr\/wp-content\/uploads\/2026\/01\/film-politique-.fr_.jpg.png\",\"contentUrl\":\"https:\/\/filmpolitique.fr\/wp-content\/uploads\/2026\/01\/film-politique-.fr_.jpg.png\",\"width\":1080,\"height\":1080,\"caption\":\"filmpolitique.fr\"},\"image\":{\"@id\":\"https:\/\/filmpolitique.fr\/#\/schema\/logo\/image\/\"}},{\"@type\":\"Person\",\"@id\":\"https:\/\/filmpolitique.fr\/#\/schema\/person\/f7f1eb2ac9ba87f0152547f2847a6c34\",\"name\":\"cinebastideblog\",\"image\":{\"@type\":\"ImageObject\",\"inLanguage\":\"fr-FR\",\"@id\":\"https:\/\/filmpolitique.fr\/#\/schema\/person\/image\/\",\"url\":\"https:\/\/secure.gravatar.com\/avatar\/71227138e4ddfa2dbc7dcb131573dc077cdf7b3a51a8aacb71d82aecf1cceea7?s=96&d=mm&r=g\",\"contentUrl\":\"https:\/\/secure.gravatar.com\/avatar\/71227138e4ddfa2dbc7dcb131573dc077cdf7b3a51a8aacb71d82aecf1cceea7?s=96&d=mm&r=g\",\"caption\":\"cinebastideblog\"},\"sameAs\":[\"https:\/\/filmpolitique.org\"],\"url\":\"https:\/\/filmpolitique.fr\/?author=1\"}]}<\/script>\n<!-- \/ Yoast SEO plugin. -->","yoast_head_json":{"title":"Reporter de guerre et cin\u00e9ma : comment filmer la guerre","description":"Reporter de guerre, documentaire et fiction : une table ronde du FIFP interroge la repr\u00e9sentation de la guerre au cin\u00e9ma.","robots":{"index":"index","follow":"follow","max-snippet":"max-snippet:-1","max-image-preview":"max-image-preview:large","max-video-preview":"max-video-preview:-1"},"canonical":"https:\/\/filmpolitique.fr\/?p=866","og_locale":"fr_FR","og_type":"article","og_title":"Reporter de guerre et cin\u00e9ma : comment filmer la guerre","og_description":"Reporter de guerre, documentaire et fiction : une table ronde du FIFP interroge la repr\u00e9sentation de la guerre au cin\u00e9ma.","og_url":"https:\/\/filmpolitique.fr\/?p=866","og_site_name":"filmpolitique.fr","article_published_time":"2026-01-14T12:43:20+00:00","article_modified_time":"2026-01-14T12:44:32+00:00","og_image":[{"width":2560,"height":1706,"url":"https:\/\/filmpolitique.fr\/wp-content\/uploads\/2026\/01\/HL_BALOY_2634702-scaled.jpg","type":"image\/jpeg"}],"author":"cinebastideblog","twitter_card":"summary_large_image","twitter_misc":{"\u00c9crit par":"cinebastideblog","Dur\u00e9e de lecture estim\u00e9e":"4 minutes"},"schema":{"@context":"https:\/\/schema.org","@graph":[{"@type":"Article","@id":"https:\/\/filmpolitique.fr\/?p=866#article","isPartOf":{"@id":"https:\/\/filmpolitique.fr\/?p=866"},"author":{"name":"cinebastideblog","@id":"https:\/\/filmpolitique.fr\/#\/schema\/person\/f7f1eb2ac9ba87f0152547f2847a6c34"},"headline":"Reporter de guerre : comment filmer la guerre aujourd\u2019hui ?","datePublished":"2026-01-14T12:43:20+00:00","dateModified":"2026-01-14T12:44:32+00:00","mainEntityOfPage":{"@id":"https:\/\/filmpolitique.fr\/?p=866"},"wordCount":762,"commentCount":0,"publisher":{"@id":"https:\/\/filmpolitique.fr\/#organization"},"image":{"@id":"https:\/\/filmpolitique.fr\/?p=866#primaryimage"},"thumbnailUrl":"https:\/\/filmpolitique.fr\/wp-content\/uploads\/2026\/01\/HL_BALOY_2634702-scaled.jpg","keywords":["cin\u00e9ma","guerre"],"articleSection":["Interviews film\u00e9es"],"inLanguage":"fr-FR","potentialAction":[{"@type":"CommentAction","name":"Comment","target":["https:\/\/filmpolitique.fr\/?p=866#respond"]}]},{"@type":"WebPage","@id":"https:\/\/filmpolitique.fr\/?p=866","url":"https:\/\/filmpolitique.fr\/?p=866","name":"Reporter de guerre et cin\u00e9ma : comment filmer la guerre","isPartOf":{"@id":"https:\/\/filmpolitique.fr\/#website"},"primaryImageOfPage":{"@id":"https:\/\/filmpolitique.fr\/?p=866#primaryimage"},"image":{"@id":"https:\/\/filmpolitique.fr\/?p=866#primaryimage"},"thumbnailUrl":"https:\/\/filmpolitique.fr\/wp-content\/uploads\/2026\/01\/HL_BALOY_2634702-scaled.jpg","datePublished":"2026-01-14T12:43:20+00:00","dateModified":"2026-01-14T12:44:32+00:00","description":"Reporter de guerre, documentaire et fiction : une table ronde du FIFP interroge la repr\u00e9sentation de la guerre au cin\u00e9ma.","breadcrumb":{"@id":"https:\/\/filmpolitique.fr\/?p=866#breadcrumb"},"inLanguage":"fr-FR","potentialAction":[{"@type":"ReadAction","target":["https:\/\/filmpolitique.fr\/?p=866"]}]},{"@type":"ImageObject","inLanguage":"fr-FR","@id":"https:\/\/filmpolitique.fr\/?p=866#primaryimage","url":"https:\/\/filmpolitique.fr\/wp-content\/uploads\/2026\/01\/HL_BALOY_2634702-scaled.jpg","contentUrl":"https:\/\/filmpolitique.fr\/wp-content\/uploads\/2026\/01\/HL_BALOY_2634702-scaled.jpg","width":2560,"height":1706,"caption":"Portrait of Patrick Chauvel, photojournalist, on the occasion of the Carcassonne Political Film Festival, in Carcassonne Occitanie France on 16 January 2025. Portrait de Patrick Chauvel, photojourrnaliste, a l occasion du Festival du Film Politique de Carcassonne, a Carcassonne Occitanie France le 16 janvier 2025."},{"@type":"BreadcrumbList","@id":"https:\/\/filmpolitique.fr\/?p=866#breadcrumb","itemListElement":[{"@type":"ListItem","position":1,"name":"Home","item":"https:\/\/filmpolitique.fr\/"},{"@type":"ListItem","position":2,"name":"Reporter de guerre : comment filmer la guerre aujourd\u2019hui ?"}]},{"@type":"WebSite","@id":"https:\/\/filmpolitique.fr\/#website","url":"https:\/\/filmpolitique.fr\/","name":"filmpolitique.fr","description":"Une plateforme propos\u00e9e par le Festival International du Film Politique de Carcassonne","publisher":{"@id":"https:\/\/filmpolitique.fr\/#organization"},"potentialAction":[{"@type":"SearchAction","target":{"@type":"EntryPoint","urlTemplate":"https:\/\/filmpolitique.fr\/?s={search_term_string}"},"query-input":{"@type":"PropertyValueSpecification","valueRequired":true,"valueName":"search_term_string"}}],"inLanguage":"fr-FR"},{"@type":"Organization","@id":"https:\/\/filmpolitique.fr\/#organization","name":"filmpolitique.fr","url":"https:\/\/filmpolitique.fr\/","logo":{"@type":"ImageObject","inLanguage":"fr-FR","@id":"https:\/\/filmpolitique.fr\/#\/schema\/logo\/image\/","url":"https:\/\/filmpolitique.fr\/wp-content\/uploads\/2026\/01\/film-politique-.fr_.jpg.png","contentUrl":"https:\/\/filmpolitique.fr\/wp-content\/uploads\/2026\/01\/film-politique-.fr_.jpg.png","width":1080,"height":1080,"caption":"filmpolitique.fr"},"image":{"@id":"https:\/\/filmpolitique.fr\/#\/schema\/logo\/image\/"}},{"@type":"Person","@id":"https:\/\/filmpolitique.fr\/#\/schema\/person\/f7f1eb2ac9ba87f0152547f2847a6c34","name":"cinebastideblog","image":{"@type":"ImageObject","inLanguage":"fr-FR","@id":"https:\/\/filmpolitique.fr\/#\/schema\/person\/image\/","url":"https:\/\/secure.gravatar.com\/avatar\/71227138e4ddfa2dbc7dcb131573dc077cdf7b3a51a8aacb71d82aecf1cceea7?s=96&d=mm&r=g","contentUrl":"https:\/\/secure.gravatar.com\/avatar\/71227138e4ddfa2dbc7dcb131573dc077cdf7b3a51a8aacb71d82aecf1cceea7?s=96&d=mm&r=g","caption":"cinebastideblog"},"sameAs":["https:\/\/filmpolitique.org"],"url":"https:\/\/filmpolitique.fr\/?author=1"}]}},"_links":{"self":[{"href":"https:\/\/filmpolitique.fr\/index.php?rest_route=\/wp\/v2\/posts\/866","targetHints":{"allow":["GET"]}}],"collection":[{"href":"https:\/\/filmpolitique.fr\/index.php?rest_route=\/wp\/v2\/posts"}],"about":[{"href":"https:\/\/filmpolitique.fr\/index.php?rest_route=\/wp\/v2\/types\/post"}],"author":[{"embeddable":true,"href":"https:\/\/filmpolitique.fr\/index.php?rest_route=\/wp\/v2\/users\/1"}],"replies":[{"embeddable":true,"href":"https:\/\/filmpolitique.fr\/index.php?rest_route=%2Fwp%2Fv2%2Fcomments&post=866"}],"version-history":[{"count":9,"href":"https:\/\/filmpolitique.fr\/index.php?rest_route=\/wp\/v2\/posts\/866\/revisions"}],"predecessor-version":[{"id":896,"href":"https:\/\/filmpolitique.fr\/index.php?rest_route=\/wp\/v2\/posts\/866\/revisions\/896"}],"wp:featuredmedia":[{"embeddable":true,"href":"https:\/\/filmpolitique.fr\/index.php?rest_route=\/wp\/v2\/media\/867"}],"wp:attachment":[{"href":"https:\/\/filmpolitique.fr\/index.php?rest_route=%2Fwp%2Fv2%2Fmedia&parent=866"}],"wp:term":[{"taxonomy":"category","embeddable":true,"href":"https:\/\/filmpolitique.fr\/index.php?rest_route=%2Fwp%2Fv2%2Fcategories&post=866"},{"taxonomy":"post_tag","embeddable":true,"href":"https:\/\/filmpolitique.fr\/index.php?rest_route=%2Fwp%2Fv2%2Ftags&post=866"}],"curies":[{"name":"wp","href":"https:\/\/api.w.org\/{rel}","templated":true}]}}