{"id":898,"date":"2026-01-14T13:55:32","date_gmt":"2026-01-14T12:55:32","guid":{"rendered":"https:\/\/filmpolitique.fr\/?p=898"},"modified":"2026-01-14T14:02:10","modified_gmt":"2026-01-14T13:02:10","slug":"episode-1-dire-le-travail-leffet-cinema","status":"publish","type":"post","link":"https:\/\/filmpolitique.fr\/?p=898","title":{"rendered":"\u00c9PISODE 1 : DIRE LE TRAVAIL (L&rsquo;effet cin\u00e9ma)"},"content":{"rendered":"\n<figure class=\"wp-block-embed is-type-rich is-provider-spotify wp-block-embed-spotify wp-embed-aspect-21-9 wp-has-aspect-ratio\"><div class=\"wp-block-embed__wrapper\">\n<iframe title=\"Spotify Embed: \u00c9PISODE 1 : DIRE LE TRAVAIL\" style=\"border-radius: 12px\" width=\"100%\" height=\"152\" frameborder=\"0\" allowfullscreen allow=\"autoplay; clipboard-write; encrypted-media; fullscreen; picture-in-picture\" loading=\"lazy\" src=\"https:\/\/open.spotify.com\/embed\/episode\/0fesVsNyjus7OkzZ7t5X83?si=173b399f4d894c66&amp;utm_source=oembed\"><\/iframe>\n<\/div><\/figure>\n\n\n\n<h3 class=\"wp-block-heading\">Et si le cin\u00e9ma de fiction en disait plus sur la r\u00e9alit\u00e9 du travail ?<\/h3>\n\n\n\n<p>Dans cet \u00e9pisode, le cin\u00e9aste St\u00e9phane Briz\u00e9 et la com\u00e9dienne Ariane CASTELLANOS discutent avec L\u00e9opold de la capacit\u00e9 de la fiction \u00e0 donner une voix aux femmes et hommes invisibles et \u00e0 \u00e9clairer des syst\u00e8mes souvent complexes. Ensemble, ils explorent comment le cin\u00e9ma peut refl\u00e9ter les r\u00e9alit\u00e9s sociales tout en touchant un large public.<\/p>\n\n\n\n<p>\u00a9\ufe0f Festival International du Film Politique de Carcassonne \/ \u00a9\ufe0f Temps Qu&rsquo;il y Aura Production<\/p>\n\n\n\n<p><\/p>\n","protected":false},"excerpt":{"rendered":"<p>Et si le cin\u00e9ma de fiction en disait plus sur la r\u00e9alit\u00e9 du travail ? Dans cet \u00e9pisode, le cin\u00e9aste [&hellip;]<\/p>\n","protected":false},"author":1,"featured_media":0,"comment_status":"open","ping_status":"open","sticky":false,"template":"","format":"standard","meta":{"footnotes":""},"categories":[6],"tags":[],"class_list":["post-898","post","type-post","status-publish","format-standard","hentry","category-podcast"],"yoast_head":"<!-- This site is optimized with the Yoast SEO plugin v26.5 - https:\/\/yoast.com\/wordpress\/plugins\/seo\/ -->\n<title>\u00c9PISODE 1 : DIRE LE TRAVAIL (L&#039;effet cin\u00e9ma) - filmpolitique.fr<\/title>\n<meta name=\"robots\" content=\"index, follow, max-snippet:-1, max-image-preview:large, max-video-preview:-1\" \/>\n<link rel=\"canonical\" href=\"https:\/\/filmpolitique.fr\/?p=898\" \/>\n<meta property=\"og:locale\" content=\"fr_FR\" \/>\n<meta property=\"og:type\" content=\"article\" \/>\n<meta property=\"og:title\" content=\"\u00c9PISODE 1 : DIRE LE TRAVAIL (L&#039;effet cin\u00e9ma) - filmpolitique.fr\" \/>\n<meta property=\"og:description\" content=\"Et si le cin\u00e9ma de fiction en disait plus sur la r\u00e9alit\u00e9 du travail ? Dans cet \u00e9pisode, le cin\u00e9aste [&hellip;]\" \/>\n<meta property=\"og:url\" content=\"https:\/\/filmpolitique.fr\/?p=898\" \/>\n<meta property=\"og:site_name\" content=\"filmpolitique.fr\" \/>\n<meta property=\"article:published_time\" content=\"2026-01-14T12:55:32+00:00\" \/>\n<meta property=\"article:modified_time\" content=\"2026-01-14T13:02:10+00:00\" \/>\n<meta name=\"author\" content=\"cinebastideblog\" \/>\n<meta name=\"twitter:card\" content=\"summary_large_image\" \/>\n<meta name=\"twitter:label1\" content=\"\u00c9crit par\" \/>\n\t<meta name=\"twitter:data1\" content=\"cinebastideblog\" \/>\n\t<meta name=\"twitter:label2\" content=\"Dur\u00e9e de lecture estim\u00e9e\" \/>\n\t<meta name=\"twitter:data2\" content=\"1 minute\" \/>\n<script type=\"application\/ld+json\" class=\"yoast-schema-graph\">{\"@context\":\"https:\/\/schema.org\",\"@graph\":[{\"@type\":\"Article\",\"@id\":\"https:\/\/filmpolitique.fr\/?p=898#article\",\"isPartOf\":{\"@id\":\"https:\/\/filmpolitique.fr\/?p=898\"},\"author\":{\"name\":\"cinebastideblog\",\"@id\":\"https:\/\/filmpolitique.fr\/#\/schema\/person\/f7f1eb2ac9ba87f0152547f2847a6c34\"},\"headline\":\"\u00c9PISODE 1 : DIRE LE TRAVAIL (L&rsquo;effet cin\u00e9ma)\",\"datePublished\":\"2026-01-14T12:55:32+00:00\",\"dateModified\":\"2026-01-14T13:02:10+00:00\",\"mainEntityOfPage\":{\"@id\":\"https:\/\/filmpolitique.fr\/?p=898\"},\"wordCount\":112,\"commentCount\":0,\"publisher\":{\"@id\":\"https:\/\/filmpolitique.fr\/#organization\"},\"articleSection\":[\"Podcast\"],\"inLanguage\":\"fr-FR\",\"potentialAction\":[{\"@type\":\"CommentAction\",\"name\":\"Comment\",\"target\":[\"https:\/\/filmpolitique.fr\/?p=898#respond\"]}]},{\"@type\":\"WebPage\",\"@id\":\"https:\/\/filmpolitique.fr\/?p=898\",\"url\":\"https:\/\/filmpolitique.fr\/?p=898\",\"name\":\"\u00c9PISODE 1 : DIRE LE TRAVAIL (L'effet cin\u00e9ma) - filmpolitique.fr\",\"isPartOf\":{\"@id\":\"https:\/\/filmpolitique.fr\/#website\"},\"datePublished\":\"2026-01-14T12:55:32+00:00\",\"dateModified\":\"2026-01-14T13:02:10+00:00\",\"breadcrumb\":{\"@id\":\"https:\/\/filmpolitique.fr\/?p=898#breadcrumb\"},\"inLanguage\":\"fr-FR\",\"potentialAction\":[{\"@type\":\"ReadAction\",\"target\":[\"https:\/\/filmpolitique.fr\/?p=898\"]}]},{\"@type\":\"BreadcrumbList\",\"@id\":\"https:\/\/filmpolitique.fr\/?p=898#breadcrumb\",\"itemListElement\":[{\"@type\":\"ListItem\",\"position\":1,\"name\":\"Home\",\"item\":\"https:\/\/filmpolitique.fr\/\"},{\"@type\":\"ListItem\",\"position\":2,\"name\":\"\u00c9PISODE 1 : DIRE LE TRAVAIL (L&rsquo;effet cin\u00e9ma)\"}]},{\"@type\":\"WebSite\",\"@id\":\"https:\/\/filmpolitique.fr\/#website\",\"url\":\"https:\/\/filmpolitique.fr\/\",\"name\":\"filmpolitique.fr\",\"description\":\"Une plateforme propos\u00e9e par le Festival International du Film Politique de Carcassonne\",\"publisher\":{\"@id\":\"https:\/\/filmpolitique.fr\/#organization\"},\"potentialAction\":[{\"@type\":\"SearchAction\",\"target\":{\"@type\":\"EntryPoint\",\"urlTemplate\":\"https:\/\/filmpolitique.fr\/?s={search_term_string}\"},\"query-input\":{\"@type\":\"PropertyValueSpecification\",\"valueRequired\":true,\"valueName\":\"search_term_string\"}}],\"inLanguage\":\"fr-FR\"},{\"@type\":\"Organization\",\"@id\":\"https:\/\/filmpolitique.fr\/#organization\",\"name\":\"filmpolitique.fr\",\"url\":\"https:\/\/filmpolitique.fr\/\",\"logo\":{\"@type\":\"ImageObject\",\"inLanguage\":\"fr-FR\",\"@id\":\"https:\/\/filmpolitique.fr\/#\/schema\/logo\/image\/\",\"url\":\"https:\/\/filmpolitique.fr\/wp-content\/uploads\/2026\/01\/film-politique-.fr_.jpg.png\",\"contentUrl\":\"https:\/\/filmpolitique.fr\/wp-content\/uploads\/2026\/01\/film-politique-.fr_.jpg.png\",\"width\":1080,\"height\":1080,\"caption\":\"filmpolitique.fr\"},\"image\":{\"@id\":\"https:\/\/filmpolitique.fr\/#\/schema\/logo\/image\/\"}},{\"@type\":\"Person\",\"@id\":\"https:\/\/filmpolitique.fr\/#\/schema\/person\/f7f1eb2ac9ba87f0152547f2847a6c34\",\"name\":\"cinebastideblog\",\"image\":{\"@type\":\"ImageObject\",\"inLanguage\":\"fr-FR\",\"@id\":\"https:\/\/filmpolitique.fr\/#\/schema\/person\/image\/\",\"url\":\"https:\/\/secure.gravatar.com\/avatar\/71227138e4ddfa2dbc7dcb131573dc077cdf7b3a51a8aacb71d82aecf1cceea7?s=96&d=mm&r=g\",\"contentUrl\":\"https:\/\/secure.gravatar.com\/avatar\/71227138e4ddfa2dbc7dcb131573dc077cdf7b3a51a8aacb71d82aecf1cceea7?s=96&d=mm&r=g\",\"caption\":\"cinebastideblog\"},\"sameAs\":[\"https:\/\/filmpolitique.org\"],\"url\":\"https:\/\/filmpolitique.fr\/?author=1\"}]}<\/script>\n<!-- \/ Yoast SEO plugin. -->","yoast_head_json":{"title":"\u00c9PISODE 1 : DIRE LE TRAVAIL (L'effet cin\u00e9ma) - filmpolitique.fr","robots":{"index":"index","follow":"follow","max-snippet":"max-snippet:-1","max-image-preview":"max-image-preview:large","max-video-preview":"max-video-preview:-1"},"canonical":"https:\/\/filmpolitique.fr\/?p=898","og_locale":"fr_FR","og_type":"article","og_title":"\u00c9PISODE 1 : DIRE LE TRAVAIL (L'effet cin\u00e9ma) - filmpolitique.fr","og_description":"Et si le cin\u00e9ma de fiction en disait plus sur la r\u00e9alit\u00e9 du travail ? Dans cet \u00e9pisode, le cin\u00e9aste [&hellip;]","og_url":"https:\/\/filmpolitique.fr\/?p=898","og_site_name":"filmpolitique.fr","article_published_time":"2026-01-14T12:55:32+00:00","article_modified_time":"2026-01-14T13:02:10+00:00","author":"cinebastideblog","twitter_card":"summary_large_image","twitter_misc":{"\u00c9crit par":"cinebastideblog","Dur\u00e9e de lecture estim\u00e9e":"1 minute"},"schema":{"@context":"https:\/\/schema.org","@graph":[{"@type":"Article","@id":"https:\/\/filmpolitique.fr\/?p=898#article","isPartOf":{"@id":"https:\/\/filmpolitique.fr\/?p=898"},"author":{"name":"cinebastideblog","@id":"https:\/\/filmpolitique.fr\/#\/schema\/person\/f7f1eb2ac9ba87f0152547f2847a6c34"},"headline":"\u00c9PISODE 1 : DIRE LE TRAVAIL (L&rsquo;effet cin\u00e9ma)","datePublished":"2026-01-14T12:55:32+00:00","dateModified":"2026-01-14T13:02:10+00:00","mainEntityOfPage":{"@id":"https:\/\/filmpolitique.fr\/?p=898"},"wordCount":112,"commentCount":0,"publisher":{"@id":"https:\/\/filmpolitique.fr\/#organization"},"articleSection":["Podcast"],"inLanguage":"fr-FR","potentialAction":[{"@type":"CommentAction","name":"Comment","target":["https:\/\/filmpolitique.fr\/?p=898#respond"]}]},{"@type":"WebPage","@id":"https:\/\/filmpolitique.fr\/?p=898","url":"https:\/\/filmpolitique.fr\/?p=898","name":"\u00c9PISODE 1 : DIRE LE TRAVAIL (L'effet cin\u00e9ma) - filmpolitique.fr","isPartOf":{"@id":"https:\/\/filmpolitique.fr\/#website"},"datePublished":"2026-01-14T12:55:32+00:00","dateModified":"2026-01-14T13:02:10+00:00","breadcrumb":{"@id":"https:\/\/filmpolitique.fr\/?p=898#breadcrumb"},"inLanguage":"fr-FR","potentialAction":[{"@type":"ReadAction","target":["https:\/\/filmpolitique.fr\/?p=898"]}]},{"@type":"BreadcrumbList","@id":"https:\/\/filmpolitique.fr\/?p=898#breadcrumb","itemListElement":[{"@type":"ListItem","position":1,"name":"Home","item":"https:\/\/filmpolitique.fr\/"},{"@type":"ListItem","position":2,"name":"\u00c9PISODE 1 : DIRE LE TRAVAIL (L&rsquo;effet cin\u00e9ma)"}]},{"@type":"WebSite","@id":"https:\/\/filmpolitique.fr\/#website","url":"https:\/\/filmpolitique.fr\/","name":"filmpolitique.fr","description":"Une plateforme propos\u00e9e par le Festival International du Film Politique de Carcassonne","publisher":{"@id":"https:\/\/filmpolitique.fr\/#organization"},"potentialAction":[{"@type":"SearchAction","target":{"@type":"EntryPoint","urlTemplate":"https:\/\/filmpolitique.fr\/?s={search_term_string}"},"query-input":{"@type":"PropertyValueSpecification","valueRequired":true,"valueName":"search_term_string"}}],"inLanguage":"fr-FR"},{"@type":"Organization","@id":"https:\/\/filmpolitique.fr\/#organization","name":"filmpolitique.fr","url":"https:\/\/filmpolitique.fr\/","logo":{"@type":"ImageObject","inLanguage":"fr-FR","@id":"https:\/\/filmpolitique.fr\/#\/schema\/logo\/image\/","url":"https:\/\/filmpolitique.fr\/wp-content\/uploads\/2026\/01\/film-politique-.fr_.jpg.png","contentUrl":"https:\/\/filmpolitique.fr\/wp-content\/uploads\/2026\/01\/film-politique-.fr_.jpg.png","width":1080,"height":1080,"caption":"filmpolitique.fr"},"image":{"@id":"https:\/\/filmpolitique.fr\/#\/schema\/logo\/image\/"}},{"@type":"Person","@id":"https:\/\/filmpolitique.fr\/#\/schema\/person\/f7f1eb2ac9ba87f0152547f2847a6c34","name":"cinebastideblog","image":{"@type":"ImageObject","inLanguage":"fr-FR","@id":"https:\/\/filmpolitique.fr\/#\/schema\/person\/image\/","url":"https:\/\/secure.gravatar.com\/avatar\/71227138e4ddfa2dbc7dcb131573dc077cdf7b3a51a8aacb71d82aecf1cceea7?s=96&d=mm&r=g","contentUrl":"https:\/\/secure.gravatar.com\/avatar\/71227138e4ddfa2dbc7dcb131573dc077cdf7b3a51a8aacb71d82aecf1cceea7?s=96&d=mm&r=g","caption":"cinebastideblog"},"sameAs":["https:\/\/filmpolitique.org"],"url":"https:\/\/filmpolitique.fr\/?author=1"}]}},"_links":{"self":[{"href":"https:\/\/filmpolitique.fr\/index.php?rest_route=\/wp\/v2\/posts\/898","targetHints":{"allow":["GET"]}}],"collection":[{"href":"https:\/\/filmpolitique.fr\/index.php?rest_route=\/wp\/v2\/posts"}],"about":[{"href":"https:\/\/filmpolitique.fr\/index.php?rest_route=\/wp\/v2\/types\/post"}],"author":[{"embeddable":true,"href":"https:\/\/filmpolitique.fr\/index.php?rest_route=\/wp\/v2\/users\/1"}],"replies":[{"embeddable":true,"href":"https:\/\/filmpolitique.fr\/index.php?rest_route=%2Fwp%2Fv2%2Fcomments&post=898"}],"version-history":[{"count":3,"href":"https:\/\/filmpolitique.fr\/index.php?rest_route=\/wp\/v2\/posts\/898\/revisions"}],"predecessor-version":[{"id":911,"href":"https:\/\/filmpolitique.fr\/index.php?rest_route=\/wp\/v2\/posts\/898\/revisions\/911"}],"wp:attachment":[{"href":"https:\/\/filmpolitique.fr\/index.php?rest_route=%2Fwp%2Fv2%2Fmedia&parent=898"}],"wp:term":[{"taxonomy":"category","embeddable":true,"href":"https:\/\/filmpolitique.fr\/index.php?rest_route=%2Fwp%2Fv2%2Fcategories&post=898"},{"taxonomy":"post_tag","embeddable":true,"href":"https:\/\/filmpolitique.fr\/index.php?rest_route=%2Fwp%2Fv2%2Ftags&post=898"}],"curies":[{"name":"wp","href":"https:\/\/api.w.org\/{rel}","templated":true}]}}