{"id":902,"date":"2026-01-14T13:57:04","date_gmt":"2026-01-14T12:57:04","guid":{"rendered":"https:\/\/filmpolitique.fr\/?p=902"},"modified":"2026-01-14T13:57:28","modified_gmt":"2026-01-14T12:57:28","slug":"pisode-2-la-courage-de-faire-un-film-politique","status":"publish","type":"post","link":"https:\/\/filmpolitique.fr\/?p=902","title":{"rendered":"\u00c9PISODE 2 : LA COURAGE DE FAIRE UN FILM POLITIQUE (L&rsquo;effet cin\u00e9ma)"},"content":{"rendered":"\n<figure class=\"wp-block-embed is-type-rich is-provider-spotify wp-block-embed-spotify wp-embed-aspect-21-9 wp-has-aspect-ratio\"><div class=\"wp-block-embed__wrapper\">\n<iframe title=\"Spotify Embed: \u00c9PISODE 2 : LA COURAGE DE FAIRE UN FILM POLITIQUE\" style=\"border-radius: 12px\" width=\"100%\" height=\"152\" frameborder=\"0\" allowfullscreen allow=\"autoplay; clipboard-write; encrypted-media; fullscreen; picture-in-picture\" loading=\"lazy\" src=\"https:\/\/open.spotify.com\/embed\/episode\/4L396eY3tL9qz1v97RRk50?si=8a83a34380474e7e&amp;utm_source=oembed\"><\/iframe>\n<\/div><\/figure>\n\n\n\n<h3 class=\"wp-block-heading\">Et si un bon film politique c\u2019\u00e9tait d\u2019abord le courage de s\u2019attaquer \u00e0 un sujet difficile, d\u2019oser dire les choses ?<\/h3>\n\n\n\n<p>Avec son film AMAL, Jawad Rhalib poursuit son chemin de cin\u00e9aste engag\u00e9. Il partage \u00e0 Alissa ses r\u00e9flexions, ses doutes et ses convictions pour pr\u00e9server sa libert\u00e9 artistique et \u00e9ditoriale quelles que soient les obstacles.<\/p>\n\n\n\n<p>\u00a9\ufe0f Festival International du Film Politique de Carcassonne \/ \u00a9\ufe0f Temps Qu&rsquo;il y Aura Production<\/p>\n","protected":false},"excerpt":{"rendered":"<p>Et si un bon film politique c\u2019\u00e9tait d\u2019abord le courage de s\u2019attaquer \u00e0 un sujet difficile, d\u2019oser dire les choses [&hellip;]<\/p>\n","protected":false},"author":1,"featured_media":0,"comment_status":"open","ping_status":"open","sticky":false,"template":"","format":"standard","meta":{"footnotes":""},"categories":[6],"tags":[],"class_list":["post-902","post","type-post","status-publish","format-standard","hentry","category-podcast"],"yoast_head":"<!-- This site is optimized with the Yoast SEO plugin v26.5 - https:\/\/yoast.com\/wordpress\/plugins\/seo\/ -->\n<title>\u00c9PISODE 2 : LA COURAGE DE FAIRE UN FILM POLITIQUE (L&#039;effet cin\u00e9ma) - filmpolitique.fr<\/title>\n<meta name=\"robots\" content=\"index, follow, max-snippet:-1, max-image-preview:large, max-video-preview:-1\" \/>\n<link rel=\"canonical\" href=\"https:\/\/filmpolitique.fr\/?p=902\" \/>\n<meta property=\"og:locale\" content=\"fr_FR\" \/>\n<meta property=\"og:type\" content=\"article\" \/>\n<meta property=\"og:title\" content=\"\u00c9PISODE 2 : LA COURAGE DE FAIRE UN FILM POLITIQUE (L&#039;effet cin\u00e9ma) - filmpolitique.fr\" \/>\n<meta property=\"og:description\" content=\"Et si un bon film politique c\u2019\u00e9tait d\u2019abord le courage de s\u2019attaquer \u00e0 un sujet difficile, d\u2019oser dire les choses [&hellip;]\" \/>\n<meta property=\"og:url\" content=\"https:\/\/filmpolitique.fr\/?p=902\" \/>\n<meta property=\"og:site_name\" content=\"filmpolitique.fr\" \/>\n<meta property=\"article:published_time\" content=\"2026-01-14T12:57:04+00:00\" \/>\n<meta property=\"article:modified_time\" content=\"2026-01-14T12:57:28+00:00\" \/>\n<meta name=\"author\" content=\"cinebastideblog\" \/>\n<meta name=\"twitter:card\" content=\"summary_large_image\" \/>\n<meta name=\"twitter:label1\" content=\"\u00c9crit par\" \/>\n\t<meta name=\"twitter:data1\" content=\"cinebastideblog\" \/>\n\t<meta name=\"twitter:label2\" content=\"Dur\u00e9e de lecture estim\u00e9e\" \/>\n\t<meta name=\"twitter:data2\" content=\"1 minute\" \/>\n<script type=\"application\/ld+json\" class=\"yoast-schema-graph\">{\"@context\":\"https:\/\/schema.org\",\"@graph\":[{\"@type\":\"WebPage\",\"@id\":\"https:\/\/filmpolitique.fr\/?p=902\",\"url\":\"https:\/\/filmpolitique.fr\/?p=902\",\"name\":\"\u00c9PISODE 2 : LA COURAGE DE FAIRE UN FILM POLITIQUE (L'effet cin\u00e9ma) - filmpolitique.fr\",\"isPartOf\":{\"@id\":\"https:\/\/filmpolitique.fr\/#website\"},\"datePublished\":\"2026-01-14T12:57:04+00:00\",\"dateModified\":\"2026-01-14T12:57:28+00:00\",\"author\":{\"@id\":\"https:\/\/filmpolitique.fr\/#\/schema\/person\/f7f1eb2ac9ba87f0152547f2847a6c34\"},\"breadcrumb\":{\"@id\":\"https:\/\/filmpolitique.fr\/?p=902#breadcrumb\"},\"inLanguage\":\"fr-FR\",\"potentialAction\":[{\"@type\":\"ReadAction\",\"target\":[\"https:\/\/filmpolitique.fr\/?p=902\"]}]},{\"@type\":\"BreadcrumbList\",\"@id\":\"https:\/\/filmpolitique.fr\/?p=902#breadcrumb\",\"itemListElement\":[{\"@type\":\"ListItem\",\"position\":1,\"name\":\"Home\",\"item\":\"https:\/\/filmpolitique.fr\/\"},{\"@type\":\"ListItem\",\"position\":2,\"name\":\"\u00c9PISODE 2 : LA COURAGE DE FAIRE UN FILM POLITIQUE (L&rsquo;effet cin\u00e9ma)\"}]},{\"@type\":\"WebSite\",\"@id\":\"https:\/\/filmpolitique.fr\/#website\",\"url\":\"https:\/\/filmpolitique.fr\/\",\"name\":\"filmpolitique.fr\",\"description\":\"Le cin\u00e9ma qui change le regard sur le monde\",\"potentialAction\":[{\"@type\":\"SearchAction\",\"target\":{\"@type\":\"EntryPoint\",\"urlTemplate\":\"https:\/\/filmpolitique.fr\/?s={search_term_string}\"},\"query-input\":{\"@type\":\"PropertyValueSpecification\",\"valueRequired\":true,\"valueName\":\"search_term_string\"}}],\"inLanguage\":\"fr-FR\"},{\"@type\":\"Person\",\"@id\":\"https:\/\/filmpolitique.fr\/#\/schema\/person\/f7f1eb2ac9ba87f0152547f2847a6c34\",\"name\":\"cinebastideblog\",\"image\":{\"@type\":\"ImageObject\",\"inLanguage\":\"fr-FR\",\"@id\":\"https:\/\/filmpolitique.fr\/#\/schema\/person\/image\/\",\"url\":\"https:\/\/secure.gravatar.com\/avatar\/71227138e4ddfa2dbc7dcb131573dc077cdf7b3a51a8aacb71d82aecf1cceea7?s=96&d=mm&r=g\",\"contentUrl\":\"https:\/\/secure.gravatar.com\/avatar\/71227138e4ddfa2dbc7dcb131573dc077cdf7b3a51a8aacb71d82aecf1cceea7?s=96&d=mm&r=g\",\"caption\":\"cinebastideblog\"},\"sameAs\":[\"https:\/\/filmpolitique.org\"],\"url\":\"https:\/\/filmpolitique.fr\/?author=1\"}]}<\/script>\n<!-- \/ Yoast SEO plugin. -->","yoast_head_json":{"title":"\u00c9PISODE 2 : LA COURAGE DE FAIRE UN FILM POLITIQUE (L'effet cin\u00e9ma) - filmpolitique.fr","robots":{"index":"index","follow":"follow","max-snippet":"max-snippet:-1","max-image-preview":"max-image-preview:large","max-video-preview":"max-video-preview:-1"},"canonical":"https:\/\/filmpolitique.fr\/?p=902","og_locale":"fr_FR","og_type":"article","og_title":"\u00c9PISODE 2 : LA COURAGE DE FAIRE UN FILM POLITIQUE (L'effet cin\u00e9ma) - filmpolitique.fr","og_description":"Et si un bon film politique c\u2019\u00e9tait d\u2019abord le courage de s\u2019attaquer \u00e0 un sujet difficile, d\u2019oser dire les choses [&hellip;]","og_url":"https:\/\/filmpolitique.fr\/?p=902","og_site_name":"filmpolitique.fr","article_published_time":"2026-01-14T12:57:04+00:00","article_modified_time":"2026-01-14T12:57:28+00:00","author":"cinebastideblog","twitter_card":"summary_large_image","twitter_misc":{"\u00c9crit par":"cinebastideblog","Dur\u00e9e de lecture estim\u00e9e":"1 minute"},"schema":{"@context":"https:\/\/schema.org","@graph":[{"@type":"WebPage","@id":"https:\/\/filmpolitique.fr\/?p=902","url":"https:\/\/filmpolitique.fr\/?p=902","name":"\u00c9PISODE 2 : LA COURAGE DE FAIRE UN FILM POLITIQUE (L'effet cin\u00e9ma) - filmpolitique.fr","isPartOf":{"@id":"https:\/\/filmpolitique.fr\/#website"},"datePublished":"2026-01-14T12:57:04+00:00","dateModified":"2026-01-14T12:57:28+00:00","author":{"@id":"https:\/\/filmpolitique.fr\/#\/schema\/person\/f7f1eb2ac9ba87f0152547f2847a6c34"},"breadcrumb":{"@id":"https:\/\/filmpolitique.fr\/?p=902#breadcrumb"},"inLanguage":"fr-FR","potentialAction":[{"@type":"ReadAction","target":["https:\/\/filmpolitique.fr\/?p=902"]}]},{"@type":"BreadcrumbList","@id":"https:\/\/filmpolitique.fr\/?p=902#breadcrumb","itemListElement":[{"@type":"ListItem","position":1,"name":"Home","item":"https:\/\/filmpolitique.fr\/"},{"@type":"ListItem","position":2,"name":"\u00c9PISODE 2 : LA COURAGE DE FAIRE UN FILM POLITIQUE (L&rsquo;effet cin\u00e9ma)"}]},{"@type":"WebSite","@id":"https:\/\/filmpolitique.fr\/#website","url":"https:\/\/filmpolitique.fr\/","name":"filmpolitique.fr","description":"Le cin\u00e9ma qui change le regard sur le monde","potentialAction":[{"@type":"SearchAction","target":{"@type":"EntryPoint","urlTemplate":"https:\/\/filmpolitique.fr\/?s={search_term_string}"},"query-input":{"@type":"PropertyValueSpecification","valueRequired":true,"valueName":"search_term_string"}}],"inLanguage":"fr-FR"},{"@type":"Person","@id":"https:\/\/filmpolitique.fr\/#\/schema\/person\/f7f1eb2ac9ba87f0152547f2847a6c34","name":"cinebastideblog","image":{"@type":"ImageObject","inLanguage":"fr-FR","@id":"https:\/\/filmpolitique.fr\/#\/schema\/person\/image\/","url":"https:\/\/secure.gravatar.com\/avatar\/71227138e4ddfa2dbc7dcb131573dc077cdf7b3a51a8aacb71d82aecf1cceea7?s=96&d=mm&r=g","contentUrl":"https:\/\/secure.gravatar.com\/avatar\/71227138e4ddfa2dbc7dcb131573dc077cdf7b3a51a8aacb71d82aecf1cceea7?s=96&d=mm&r=g","caption":"cinebastideblog"},"sameAs":["https:\/\/filmpolitique.org"],"url":"https:\/\/filmpolitique.fr\/?author=1"}]}},"_links":{"self":[{"href":"https:\/\/filmpolitique.fr\/index.php?rest_route=\/wp\/v2\/posts\/902","targetHints":{"allow":["GET"]}}],"collection":[{"href":"https:\/\/filmpolitique.fr\/index.php?rest_route=\/wp\/v2\/posts"}],"about":[{"href":"https:\/\/filmpolitique.fr\/index.php?rest_route=\/wp\/v2\/types\/post"}],"author":[{"embeddable":true,"href":"https:\/\/filmpolitique.fr\/index.php?rest_route=\/wp\/v2\/users\/1"}],"replies":[{"embeddable":true,"href":"https:\/\/filmpolitique.fr\/index.php?rest_route=%2Fwp%2Fv2%2Fcomments&post=902"}],"version-history":[{"count":2,"href":"https:\/\/filmpolitique.fr\/index.php?rest_route=\/wp\/v2\/posts\/902\/revisions"}],"predecessor-version":[{"id":904,"href":"https:\/\/filmpolitique.fr\/index.php?rest_route=\/wp\/v2\/posts\/902\/revisions\/904"}],"wp:attachment":[{"href":"https:\/\/filmpolitique.fr\/index.php?rest_route=%2Fwp%2Fv2%2Fmedia&parent=902"}],"wp:term":[{"taxonomy":"category","embeddable":true,"href":"https:\/\/filmpolitique.fr\/index.php?rest_route=%2Fwp%2Fv2%2Fcategories&post=902"},{"taxonomy":"post_tag","embeddable":true,"href":"https:\/\/filmpolitique.fr\/index.php?rest_route=%2Fwp%2Fv2%2Ftags&post=902"}],"curies":[{"name":"wp","href":"https:\/\/api.w.org\/{rel}","templated":true}]}}