{"id":905,"date":"2026-01-14T13:59:09","date_gmt":"2026-01-14T12:59:09","guid":{"rendered":"https:\/\/filmpolitique.fr\/?p=905"},"modified":"2026-01-14T13:59:10","modified_gmt":"2026-01-14T12:59:10","slug":"episode-3-madame-hoffmann-leffet-cinema","status":"publish","type":"post","link":"https:\/\/filmpolitique.fr\/?p=905","title":{"rendered":"\u00c9PISODE 3 : MADAME HOFFMANN (L&rsquo;effet cin\u00e9ma)"},"content":{"rendered":"\n<figure class=\"wp-block-embed is-type-rich is-provider-spotify wp-block-embed-spotify wp-embed-aspect-21-9 wp-has-aspect-ratio\"><div class=\"wp-block-embed__wrapper\">\n<iframe title=\"Spotify Embed: \u00c9PISODE 3 : MADAME HOFFMANN\" style=\"border-radius: 12px\" width=\"100%\" height=\"152\" frameborder=\"0\" allowfullscreen allow=\"autoplay; clipboard-write; encrypted-media; fullscreen; picture-in-picture\" loading=\"lazy\" src=\"https:\/\/open.spotify.com\/embed\/episode\/1R804lXxztNB0D63BeuFAf?si=a6299b64695f410f&amp;utm_source=oembed\"><\/iframe>\n<\/div><\/figure>\n\n\n\n<h3 class=\"wp-block-heading\">Comment une infirmi\u00e8re anonyme devient h\u00e9ro\u00efne d\u2019un documentaire et se retrouve avec son nom en haut de l\u2019affiche ?<\/h3>\n\n\n\n<p>S\u00e9bastien Lifshitz a consacr\u00e9 un film documentaire \u00e0 la vie de Sylvie Hofmann. Elle partage avec St\u00e9phanie son exp\u00e9rience de tournage avec le r\u00e9alisateur qui a l\u2019art de rendre visible les h\u00e9ros du quotidien.<\/p>\n\n\n\n<p>\u00a9\ufe0f Festival International du Film Politique de Carcassonne \/ \u00a9\ufe0f Temps Qu&rsquo;il y Aura Production<\/p>\n","protected":false},"excerpt":{"rendered":"<p>Comment une infirmi\u00e8re anonyme devient h\u00e9ro\u00efne d\u2019un documentaire et se retrouve avec son nom en haut de l\u2019affiche ? S\u00e9bastien [&hellip;]<\/p>\n","protected":false},"author":1,"featured_media":0,"comment_status":"open","ping_status":"open","sticky":false,"template":"","format":"standard","meta":{"footnotes":""},"categories":[6],"tags":[],"class_list":["post-905","post","type-post","status-publish","format-standard","hentry","category-podcast"],"yoast_head":"<!-- This site is optimized with the Yoast SEO plugin v26.5 - https:\/\/yoast.com\/wordpress\/plugins\/seo\/ -->\n<title>\u00c9PISODE 3 : MADAME HOFFMANN (L&#039;effet cin\u00e9ma) - filmpolitique.fr<\/title>\n<meta name=\"robots\" content=\"index, follow, max-snippet:-1, max-image-preview:large, max-video-preview:-1\" \/>\n<link rel=\"canonical\" href=\"https:\/\/filmpolitique.fr\/?p=905\" \/>\n<meta property=\"og:locale\" content=\"fr_FR\" \/>\n<meta property=\"og:type\" content=\"article\" \/>\n<meta property=\"og:title\" content=\"\u00c9PISODE 3 : MADAME HOFFMANN (L&#039;effet cin\u00e9ma) - filmpolitique.fr\" \/>\n<meta property=\"og:description\" content=\"Comment une infirmi\u00e8re anonyme devient h\u00e9ro\u00efne d\u2019un documentaire et se retrouve avec son nom en haut de l\u2019affiche ? S\u00e9bastien [&hellip;]\" \/>\n<meta property=\"og:url\" content=\"https:\/\/filmpolitique.fr\/?p=905\" \/>\n<meta property=\"og:site_name\" content=\"filmpolitique.fr\" \/>\n<meta property=\"article:published_time\" content=\"2026-01-14T12:59:09+00:00\" \/>\n<meta property=\"article:modified_time\" content=\"2026-01-14T12:59:10+00:00\" \/>\n<meta name=\"author\" content=\"cinebastideblog\" \/>\n<meta name=\"twitter:card\" content=\"summary_large_image\" \/>\n<meta name=\"twitter:label1\" content=\"\u00c9crit par\" \/>\n\t<meta name=\"twitter:data1\" content=\"cinebastideblog\" \/>\n\t<meta name=\"twitter:label2\" content=\"Dur\u00e9e de lecture estim\u00e9e\" \/>\n\t<meta name=\"twitter:data2\" content=\"1 minute\" \/>\n<script type=\"application\/ld+json\" class=\"yoast-schema-graph\">{\"@context\":\"https:\/\/schema.org\",\"@graph\":[{\"@type\":\"Article\",\"@id\":\"https:\/\/filmpolitique.fr\/?p=905#article\",\"isPartOf\":{\"@id\":\"https:\/\/filmpolitique.fr\/?p=905\"},\"author\":{\"name\":\"cinebastideblog\",\"@id\":\"https:\/\/filmpolitique.fr\/#\/schema\/person\/f7f1eb2ac9ba87f0152547f2847a6c34\"},\"headline\":\"\u00c9PISODE 3 : MADAME HOFFMANN (L&rsquo;effet cin\u00e9ma)\",\"datePublished\":\"2026-01-14T12:59:09+00:00\",\"dateModified\":\"2026-01-14T12:59:10+00:00\",\"mainEntityOfPage\":{\"@id\":\"https:\/\/filmpolitique.fr\/?p=905\"},\"wordCount\":96,\"commentCount\":0,\"publisher\":{\"@id\":\"https:\/\/filmpolitique.fr\/#organization\"},\"articleSection\":[\"Podcast\"],\"inLanguage\":\"fr-FR\",\"potentialAction\":[{\"@type\":\"CommentAction\",\"name\":\"Comment\",\"target\":[\"https:\/\/filmpolitique.fr\/?p=905#respond\"]}]},{\"@type\":\"WebPage\",\"@id\":\"https:\/\/filmpolitique.fr\/?p=905\",\"url\":\"https:\/\/filmpolitique.fr\/?p=905\",\"name\":\"\u00c9PISODE 3 : MADAME HOFFMANN (L'effet cin\u00e9ma) - filmpolitique.fr\",\"isPartOf\":{\"@id\":\"https:\/\/filmpolitique.fr\/#website\"},\"datePublished\":\"2026-01-14T12:59:09+00:00\",\"dateModified\":\"2026-01-14T12:59:10+00:00\",\"breadcrumb\":{\"@id\":\"https:\/\/filmpolitique.fr\/?p=905#breadcrumb\"},\"inLanguage\":\"fr-FR\",\"potentialAction\":[{\"@type\":\"ReadAction\",\"target\":[\"https:\/\/filmpolitique.fr\/?p=905\"]}]},{\"@type\":\"BreadcrumbList\",\"@id\":\"https:\/\/filmpolitique.fr\/?p=905#breadcrumb\",\"itemListElement\":[{\"@type\":\"ListItem\",\"position\":1,\"name\":\"Home\",\"item\":\"https:\/\/filmpolitique.fr\/\"},{\"@type\":\"ListItem\",\"position\":2,\"name\":\"\u00c9PISODE 3 : MADAME HOFFMANN (L&rsquo;effet cin\u00e9ma)\"}]},{\"@type\":\"WebSite\",\"@id\":\"https:\/\/filmpolitique.fr\/#website\",\"url\":\"https:\/\/filmpolitique.fr\/\",\"name\":\"filmpolitique.fr\",\"description\":\"Une plateforme propos\u00e9e par le Festival International du Film Politique de Carcassonne\",\"publisher\":{\"@id\":\"https:\/\/filmpolitique.fr\/#organization\"},\"potentialAction\":[{\"@type\":\"SearchAction\",\"target\":{\"@type\":\"EntryPoint\",\"urlTemplate\":\"https:\/\/filmpolitique.fr\/?s={search_term_string}\"},\"query-input\":{\"@type\":\"PropertyValueSpecification\",\"valueRequired\":true,\"valueName\":\"search_term_string\"}}],\"inLanguage\":\"fr-FR\"},{\"@type\":\"Organization\",\"@id\":\"https:\/\/filmpolitique.fr\/#organization\",\"name\":\"filmpolitique.fr\",\"url\":\"https:\/\/filmpolitique.fr\/\",\"logo\":{\"@type\":\"ImageObject\",\"inLanguage\":\"fr-FR\",\"@id\":\"https:\/\/filmpolitique.fr\/#\/schema\/logo\/image\/\",\"url\":\"https:\/\/filmpolitique.fr\/wp-content\/uploads\/2026\/01\/film-politique-.fr_.jpg.png\",\"contentUrl\":\"https:\/\/filmpolitique.fr\/wp-content\/uploads\/2026\/01\/film-politique-.fr_.jpg.png\",\"width\":1080,\"height\":1080,\"caption\":\"filmpolitique.fr\"},\"image\":{\"@id\":\"https:\/\/filmpolitique.fr\/#\/schema\/logo\/image\/\"}},{\"@type\":\"Person\",\"@id\":\"https:\/\/filmpolitique.fr\/#\/schema\/person\/f7f1eb2ac9ba87f0152547f2847a6c34\",\"name\":\"cinebastideblog\",\"image\":{\"@type\":\"ImageObject\",\"inLanguage\":\"fr-FR\",\"@id\":\"https:\/\/filmpolitique.fr\/#\/schema\/person\/image\/\",\"url\":\"https:\/\/secure.gravatar.com\/avatar\/71227138e4ddfa2dbc7dcb131573dc077cdf7b3a51a8aacb71d82aecf1cceea7?s=96&d=mm&r=g\",\"contentUrl\":\"https:\/\/secure.gravatar.com\/avatar\/71227138e4ddfa2dbc7dcb131573dc077cdf7b3a51a8aacb71d82aecf1cceea7?s=96&d=mm&r=g\",\"caption\":\"cinebastideblog\"},\"sameAs\":[\"https:\/\/filmpolitique.org\"],\"url\":\"https:\/\/filmpolitique.fr\/?author=1\"}]}<\/script>\n<!-- \/ Yoast SEO plugin. -->","yoast_head_json":{"title":"\u00c9PISODE 3 : MADAME HOFFMANN (L'effet cin\u00e9ma) - filmpolitique.fr","robots":{"index":"index","follow":"follow","max-snippet":"max-snippet:-1","max-image-preview":"max-image-preview:large","max-video-preview":"max-video-preview:-1"},"canonical":"https:\/\/filmpolitique.fr\/?p=905","og_locale":"fr_FR","og_type":"article","og_title":"\u00c9PISODE 3 : MADAME HOFFMANN (L'effet cin\u00e9ma) - filmpolitique.fr","og_description":"Comment une infirmi\u00e8re anonyme devient h\u00e9ro\u00efne d\u2019un documentaire et se retrouve avec son nom en haut de l\u2019affiche ? S\u00e9bastien [&hellip;]","og_url":"https:\/\/filmpolitique.fr\/?p=905","og_site_name":"filmpolitique.fr","article_published_time":"2026-01-14T12:59:09+00:00","article_modified_time":"2026-01-14T12:59:10+00:00","author":"cinebastideblog","twitter_card":"summary_large_image","twitter_misc":{"\u00c9crit par":"cinebastideblog","Dur\u00e9e de lecture estim\u00e9e":"1 minute"},"schema":{"@context":"https:\/\/schema.org","@graph":[{"@type":"Article","@id":"https:\/\/filmpolitique.fr\/?p=905#article","isPartOf":{"@id":"https:\/\/filmpolitique.fr\/?p=905"},"author":{"name":"cinebastideblog","@id":"https:\/\/filmpolitique.fr\/#\/schema\/person\/f7f1eb2ac9ba87f0152547f2847a6c34"},"headline":"\u00c9PISODE 3 : MADAME HOFFMANN (L&rsquo;effet cin\u00e9ma)","datePublished":"2026-01-14T12:59:09+00:00","dateModified":"2026-01-14T12:59:10+00:00","mainEntityOfPage":{"@id":"https:\/\/filmpolitique.fr\/?p=905"},"wordCount":96,"commentCount":0,"publisher":{"@id":"https:\/\/filmpolitique.fr\/#organization"},"articleSection":["Podcast"],"inLanguage":"fr-FR","potentialAction":[{"@type":"CommentAction","name":"Comment","target":["https:\/\/filmpolitique.fr\/?p=905#respond"]}]},{"@type":"WebPage","@id":"https:\/\/filmpolitique.fr\/?p=905","url":"https:\/\/filmpolitique.fr\/?p=905","name":"\u00c9PISODE 3 : MADAME HOFFMANN (L'effet cin\u00e9ma) - filmpolitique.fr","isPartOf":{"@id":"https:\/\/filmpolitique.fr\/#website"},"datePublished":"2026-01-14T12:59:09+00:00","dateModified":"2026-01-14T12:59:10+00:00","breadcrumb":{"@id":"https:\/\/filmpolitique.fr\/?p=905#breadcrumb"},"inLanguage":"fr-FR","potentialAction":[{"@type":"ReadAction","target":["https:\/\/filmpolitique.fr\/?p=905"]}]},{"@type":"BreadcrumbList","@id":"https:\/\/filmpolitique.fr\/?p=905#breadcrumb","itemListElement":[{"@type":"ListItem","position":1,"name":"Home","item":"https:\/\/filmpolitique.fr\/"},{"@type":"ListItem","position":2,"name":"\u00c9PISODE 3 : MADAME HOFFMANN (L&rsquo;effet cin\u00e9ma)"}]},{"@type":"WebSite","@id":"https:\/\/filmpolitique.fr\/#website","url":"https:\/\/filmpolitique.fr\/","name":"filmpolitique.fr","description":"Une plateforme propos\u00e9e par le Festival International du Film Politique de Carcassonne","publisher":{"@id":"https:\/\/filmpolitique.fr\/#organization"},"potentialAction":[{"@type":"SearchAction","target":{"@type":"EntryPoint","urlTemplate":"https:\/\/filmpolitique.fr\/?s={search_term_string}"},"query-input":{"@type":"PropertyValueSpecification","valueRequired":true,"valueName":"search_term_string"}}],"inLanguage":"fr-FR"},{"@type":"Organization","@id":"https:\/\/filmpolitique.fr\/#organization","name":"filmpolitique.fr","url":"https:\/\/filmpolitique.fr\/","logo":{"@type":"ImageObject","inLanguage":"fr-FR","@id":"https:\/\/filmpolitique.fr\/#\/schema\/logo\/image\/","url":"https:\/\/filmpolitique.fr\/wp-content\/uploads\/2026\/01\/film-politique-.fr_.jpg.png","contentUrl":"https:\/\/filmpolitique.fr\/wp-content\/uploads\/2026\/01\/film-politique-.fr_.jpg.png","width":1080,"height":1080,"caption":"filmpolitique.fr"},"image":{"@id":"https:\/\/filmpolitique.fr\/#\/schema\/logo\/image\/"}},{"@type":"Person","@id":"https:\/\/filmpolitique.fr\/#\/schema\/person\/f7f1eb2ac9ba87f0152547f2847a6c34","name":"cinebastideblog","image":{"@type":"ImageObject","inLanguage":"fr-FR","@id":"https:\/\/filmpolitique.fr\/#\/schema\/person\/image\/","url":"https:\/\/secure.gravatar.com\/avatar\/71227138e4ddfa2dbc7dcb131573dc077cdf7b3a51a8aacb71d82aecf1cceea7?s=96&d=mm&r=g","contentUrl":"https:\/\/secure.gravatar.com\/avatar\/71227138e4ddfa2dbc7dcb131573dc077cdf7b3a51a8aacb71d82aecf1cceea7?s=96&d=mm&r=g","caption":"cinebastideblog"},"sameAs":["https:\/\/filmpolitique.org"],"url":"https:\/\/filmpolitique.fr\/?author=1"}]}},"_links":{"self":[{"href":"https:\/\/filmpolitique.fr\/index.php?rest_route=\/wp\/v2\/posts\/905","targetHints":{"allow":["GET"]}}],"collection":[{"href":"https:\/\/filmpolitique.fr\/index.php?rest_route=\/wp\/v2\/posts"}],"about":[{"href":"https:\/\/filmpolitique.fr\/index.php?rest_route=\/wp\/v2\/types\/post"}],"author":[{"embeddable":true,"href":"https:\/\/filmpolitique.fr\/index.php?rest_route=\/wp\/v2\/users\/1"}],"replies":[{"embeddable":true,"href":"https:\/\/filmpolitique.fr\/index.php?rest_route=%2Fwp%2Fv2%2Fcomments&post=905"}],"version-history":[{"count":1,"href":"https:\/\/filmpolitique.fr\/index.php?rest_route=\/wp\/v2\/posts\/905\/revisions"}],"predecessor-version":[{"id":906,"href":"https:\/\/filmpolitique.fr\/index.php?rest_route=\/wp\/v2\/posts\/905\/revisions\/906"}],"wp:attachment":[{"href":"https:\/\/filmpolitique.fr\/index.php?rest_route=%2Fwp%2Fv2%2Fmedia&parent=905"}],"wp:term":[{"taxonomy":"category","embeddable":true,"href":"https:\/\/filmpolitique.fr\/index.php?rest_route=%2Fwp%2Fv2%2Fcategories&post=905"},{"taxonomy":"post_tag","embeddable":true,"href":"https:\/\/filmpolitique.fr\/index.php?rest_route=%2Fwp%2Fv2%2Ftags&post=905"}],"curies":[{"name":"wp","href":"https:\/\/api.w.org\/{rel}","templated":true}]}}