{"id":909,"date":"2026-01-14T14:01:42","date_gmt":"2026-01-14T13:01:42","guid":{"rendered":"https:\/\/filmpolitique.fr\/?p=909"},"modified":"2026-01-14T14:01:43","modified_gmt":"2026-01-14T13:01:43","slug":"episode-5-filmer-lhistoire-leffet-cinema","status":"publish","type":"post","link":"https:\/\/filmpolitique.fr\/?p=909","title":{"rendered":"\u00c9PISODE 5 : FILMER L\u2019HISTOIRE (L&rsquo;effet cin\u00e9ma)"},"content":{"rendered":"\n<figure class=\"wp-block-embed is-type-rich is-provider-spotify wp-block-embed-spotify wp-embed-aspect-21-9 wp-has-aspect-ratio\"><div class=\"wp-block-embed__wrapper\">\n<iframe title=\"Spotify Embed: \u00c9PISODE 5 : FILMER L\u2019HISTOIRE\" style=\"border-radius: 12px\" width=\"100%\" height=\"152\" frameborder=\"0\" allowfullscreen allow=\"autoplay; clipboard-write; encrypted-media; fullscreen; picture-in-picture\" loading=\"lazy\" src=\"https:\/\/open.spotify.com\/embed\/episode\/3qCSDmKmNNlo92PxUdHdtJ?si=db0101466d1a4390&amp;utm_source=oembed\"><\/iframe>\n<\/div><\/figure>\n\n\n\n<h3 class=\"wp-block-heading\">Quand le documentaire s\u2019int\u00e9resse \u00e0 l\u2019histoire, ses effets sont pluriels. L\u2019histoire imm\u00e9diate ou celle d\u00e9j\u00e0 \u00e9crite qui rejaillit de la m\u00e9moire de longues ann\u00e9es plus tard.<\/h3>\n\n\n\n<p>Avec BAGDAD ON FIRE, le r\u00e9alisateur Karar Al Azzawi nous plonge au c\u0153ur de la r\u00e9volution de la jeunesse irakienne de 2019. Alors que la r\u00e9alisatrice Sarah Mall\u00e9gol fait le pari de lib\u00e9rer la parole, 30 ans apr\u00e8s le g\u00e9nocide rwandais, dans son film KUMVA CE QUI VIENT DU SILENCE. L\u00e9opold discute avec ces deux cin\u00e9astes de leurs approches singuli\u00e8res pour immortaliser l\u2019Histoire.<\/p>\n\n\n\n<p>\u00a9\ufe0f Festival International du Film Politique de Carcassonne \/ \u00a9\ufe0f Temps Qu&rsquo;il y Aura Production<\/p>\n\n\n\n<p><\/p>\n","protected":false},"excerpt":{"rendered":"<p>Quand le documentaire s\u2019int\u00e9resse \u00e0 l\u2019histoire, ses effets sont pluriels. L\u2019histoire imm\u00e9diate ou celle d\u00e9j\u00e0 \u00e9crite qui rejaillit de la [&hellip;]<\/p>\n","protected":false},"author":1,"featured_media":0,"comment_status":"open","ping_status":"open","sticky":false,"template":"","format":"standard","meta":{"footnotes":""},"categories":[6],"tags":[],"class_list":["post-909","post","type-post","status-publish","format-standard","hentry","category-podcast"],"yoast_head":"<!-- This site is optimized with the Yoast SEO plugin v26.5 - https:\/\/yoast.com\/wordpress\/plugins\/seo\/ -->\n<title>\u00c9PISODE 5 : FILMER L\u2019HISTOIRE (L&#039;effet cin\u00e9ma) - filmpolitique.fr<\/title>\n<meta name=\"robots\" content=\"index, follow, max-snippet:-1, max-image-preview:large, max-video-preview:-1\" \/>\n<link rel=\"canonical\" href=\"https:\/\/filmpolitique.fr\/?p=909\" \/>\n<meta property=\"og:locale\" content=\"fr_FR\" \/>\n<meta property=\"og:type\" content=\"article\" \/>\n<meta property=\"og:title\" content=\"\u00c9PISODE 5 : FILMER L\u2019HISTOIRE (L&#039;effet cin\u00e9ma) - filmpolitique.fr\" \/>\n<meta property=\"og:description\" content=\"Quand le documentaire s\u2019int\u00e9resse \u00e0 l\u2019histoire, ses effets sont pluriels. L\u2019histoire imm\u00e9diate ou celle d\u00e9j\u00e0 \u00e9crite qui rejaillit de la [&hellip;]\" \/>\n<meta property=\"og:url\" content=\"https:\/\/filmpolitique.fr\/?p=909\" \/>\n<meta property=\"og:site_name\" content=\"filmpolitique.fr\" \/>\n<meta property=\"article:published_time\" content=\"2026-01-14T13:01:42+00:00\" \/>\n<meta property=\"article:modified_time\" content=\"2026-01-14T13:01:43+00:00\" \/>\n<meta name=\"author\" content=\"cinebastideblog\" \/>\n<meta name=\"twitter:card\" content=\"summary_large_image\" \/>\n<meta name=\"twitter:label1\" content=\"\u00c9crit par\" \/>\n\t<meta name=\"twitter:data1\" content=\"cinebastideblog\" \/>\n\t<meta name=\"twitter:label2\" content=\"Dur\u00e9e de lecture estim\u00e9e\" \/>\n\t<meta name=\"twitter:data2\" content=\"1 minute\" \/>\n<script type=\"application\/ld+json\" class=\"yoast-schema-graph\">{\"@context\":\"https:\/\/schema.org\",\"@graph\":[{\"@type\":\"WebPage\",\"@id\":\"https:\/\/filmpolitique.fr\/?p=909\",\"url\":\"https:\/\/filmpolitique.fr\/?p=909\",\"name\":\"\u00c9PISODE 5 : FILMER L\u2019HISTOIRE (L'effet cin\u00e9ma) - filmpolitique.fr\",\"isPartOf\":{\"@id\":\"https:\/\/filmpolitique.fr\/#website\"},\"datePublished\":\"2026-01-14T13:01:42+00:00\",\"dateModified\":\"2026-01-14T13:01:43+00:00\",\"author\":{\"@id\":\"https:\/\/filmpolitique.fr\/#\/schema\/person\/f7f1eb2ac9ba87f0152547f2847a6c34\"},\"breadcrumb\":{\"@id\":\"https:\/\/filmpolitique.fr\/?p=909#breadcrumb\"},\"inLanguage\":\"fr-FR\",\"potentialAction\":[{\"@type\":\"ReadAction\",\"target\":[\"https:\/\/filmpolitique.fr\/?p=909\"]}]},{\"@type\":\"BreadcrumbList\",\"@id\":\"https:\/\/filmpolitique.fr\/?p=909#breadcrumb\",\"itemListElement\":[{\"@type\":\"ListItem\",\"position\":1,\"name\":\"Home\",\"item\":\"https:\/\/filmpolitique.fr\/\"},{\"@type\":\"ListItem\",\"position\":2,\"name\":\"\u00c9PISODE 5 : FILMER L\u2019HISTOIRE (L&rsquo;effet cin\u00e9ma)\"}]},{\"@type\":\"WebSite\",\"@id\":\"https:\/\/filmpolitique.fr\/#website\",\"url\":\"https:\/\/filmpolitique.fr\/\",\"name\":\"filmpolitique.fr\",\"description\":\"Le cin\u00e9ma qui change le regard sur le monde\",\"potentialAction\":[{\"@type\":\"SearchAction\",\"target\":{\"@type\":\"EntryPoint\",\"urlTemplate\":\"https:\/\/filmpolitique.fr\/?s={search_term_string}\"},\"query-input\":{\"@type\":\"PropertyValueSpecification\",\"valueRequired\":true,\"valueName\":\"search_term_string\"}}],\"inLanguage\":\"fr-FR\"},{\"@type\":\"Person\",\"@id\":\"https:\/\/filmpolitique.fr\/#\/schema\/person\/f7f1eb2ac9ba87f0152547f2847a6c34\",\"name\":\"cinebastideblog\",\"image\":{\"@type\":\"ImageObject\",\"inLanguage\":\"fr-FR\",\"@id\":\"https:\/\/filmpolitique.fr\/#\/schema\/person\/image\/\",\"url\":\"https:\/\/secure.gravatar.com\/avatar\/71227138e4ddfa2dbc7dcb131573dc077cdf7b3a51a8aacb71d82aecf1cceea7?s=96&d=mm&r=g\",\"contentUrl\":\"https:\/\/secure.gravatar.com\/avatar\/71227138e4ddfa2dbc7dcb131573dc077cdf7b3a51a8aacb71d82aecf1cceea7?s=96&d=mm&r=g\",\"caption\":\"cinebastideblog\"},\"sameAs\":[\"https:\/\/filmpolitique.org\"],\"url\":\"https:\/\/filmpolitique.fr\/?author=1\"}]}<\/script>\n<!-- \/ Yoast SEO plugin. -->","yoast_head_json":{"title":"\u00c9PISODE 5 : FILMER L\u2019HISTOIRE (L'effet cin\u00e9ma) - filmpolitique.fr","robots":{"index":"index","follow":"follow","max-snippet":"max-snippet:-1","max-image-preview":"max-image-preview:large","max-video-preview":"max-video-preview:-1"},"canonical":"https:\/\/filmpolitique.fr\/?p=909","og_locale":"fr_FR","og_type":"article","og_title":"\u00c9PISODE 5 : FILMER L\u2019HISTOIRE (L'effet cin\u00e9ma) - filmpolitique.fr","og_description":"Quand le documentaire s\u2019int\u00e9resse \u00e0 l\u2019histoire, ses effets sont pluriels. L\u2019histoire imm\u00e9diate ou celle d\u00e9j\u00e0 \u00e9crite qui rejaillit de la [&hellip;]","og_url":"https:\/\/filmpolitique.fr\/?p=909","og_site_name":"filmpolitique.fr","article_published_time":"2026-01-14T13:01:42+00:00","article_modified_time":"2026-01-14T13:01:43+00:00","author":"cinebastideblog","twitter_card":"summary_large_image","twitter_misc":{"\u00c9crit par":"cinebastideblog","Dur\u00e9e de lecture estim\u00e9e":"1 minute"},"schema":{"@context":"https:\/\/schema.org","@graph":[{"@type":"WebPage","@id":"https:\/\/filmpolitique.fr\/?p=909","url":"https:\/\/filmpolitique.fr\/?p=909","name":"\u00c9PISODE 5 : FILMER L\u2019HISTOIRE (L'effet cin\u00e9ma) - filmpolitique.fr","isPartOf":{"@id":"https:\/\/filmpolitique.fr\/#website"},"datePublished":"2026-01-14T13:01:42+00:00","dateModified":"2026-01-14T13:01:43+00:00","author":{"@id":"https:\/\/filmpolitique.fr\/#\/schema\/person\/f7f1eb2ac9ba87f0152547f2847a6c34"},"breadcrumb":{"@id":"https:\/\/filmpolitique.fr\/?p=909#breadcrumb"},"inLanguage":"fr-FR","potentialAction":[{"@type":"ReadAction","target":["https:\/\/filmpolitique.fr\/?p=909"]}]},{"@type":"BreadcrumbList","@id":"https:\/\/filmpolitique.fr\/?p=909#breadcrumb","itemListElement":[{"@type":"ListItem","position":1,"name":"Home","item":"https:\/\/filmpolitique.fr\/"},{"@type":"ListItem","position":2,"name":"\u00c9PISODE 5 : FILMER L\u2019HISTOIRE (L&rsquo;effet cin\u00e9ma)"}]},{"@type":"WebSite","@id":"https:\/\/filmpolitique.fr\/#website","url":"https:\/\/filmpolitique.fr\/","name":"filmpolitique.fr","description":"Le cin\u00e9ma qui change le regard sur le monde","potentialAction":[{"@type":"SearchAction","target":{"@type":"EntryPoint","urlTemplate":"https:\/\/filmpolitique.fr\/?s={search_term_string}"},"query-input":{"@type":"PropertyValueSpecification","valueRequired":true,"valueName":"search_term_string"}}],"inLanguage":"fr-FR"},{"@type":"Person","@id":"https:\/\/filmpolitique.fr\/#\/schema\/person\/f7f1eb2ac9ba87f0152547f2847a6c34","name":"cinebastideblog","image":{"@type":"ImageObject","inLanguage":"fr-FR","@id":"https:\/\/filmpolitique.fr\/#\/schema\/person\/image\/","url":"https:\/\/secure.gravatar.com\/avatar\/71227138e4ddfa2dbc7dcb131573dc077cdf7b3a51a8aacb71d82aecf1cceea7?s=96&d=mm&r=g","contentUrl":"https:\/\/secure.gravatar.com\/avatar\/71227138e4ddfa2dbc7dcb131573dc077cdf7b3a51a8aacb71d82aecf1cceea7?s=96&d=mm&r=g","caption":"cinebastideblog"},"sameAs":["https:\/\/filmpolitique.org"],"url":"https:\/\/filmpolitique.fr\/?author=1"}]}},"_links":{"self":[{"href":"https:\/\/filmpolitique.fr\/index.php?rest_route=\/wp\/v2\/posts\/909","targetHints":{"allow":["GET"]}}],"collection":[{"href":"https:\/\/filmpolitique.fr\/index.php?rest_route=\/wp\/v2\/posts"}],"about":[{"href":"https:\/\/filmpolitique.fr\/index.php?rest_route=\/wp\/v2\/types\/post"}],"author":[{"embeddable":true,"href":"https:\/\/filmpolitique.fr\/index.php?rest_route=\/wp\/v2\/users\/1"}],"replies":[{"embeddable":true,"href":"https:\/\/filmpolitique.fr\/index.php?rest_route=%2Fwp%2Fv2%2Fcomments&post=909"}],"version-history":[{"count":1,"href":"https:\/\/filmpolitique.fr\/index.php?rest_route=\/wp\/v2\/posts\/909\/revisions"}],"predecessor-version":[{"id":910,"href":"https:\/\/filmpolitique.fr\/index.php?rest_route=\/wp\/v2\/posts\/909\/revisions\/910"}],"wp:attachment":[{"href":"https:\/\/filmpolitique.fr\/index.php?rest_route=%2Fwp%2Fv2%2Fmedia&parent=909"}],"wp:term":[{"taxonomy":"category","embeddable":true,"href":"https:\/\/filmpolitique.fr\/index.php?rest_route=%2Fwp%2Fv2%2Fcategories&post=909"},{"taxonomy":"post_tag","embeddable":true,"href":"https:\/\/filmpolitique.fr\/index.php?rest_route=%2Fwp%2Fv2%2Ftags&post=909"}],"curies":[{"name":"wp","href":"https:\/\/api.w.org\/{rel}","templated":true}]}}