{"id":917,"date":"2026-01-22T12:00:00","date_gmt":"2026-01-22T11:00:00","guid":{"rendered":"https:\/\/filmpolitique.fr\/?p=917"},"modified":"2026-01-22T14:26:33","modified_gmt":"2026-01-22T13:26:33","slug":"grand-ciel-entre-reve-social-et-cauchemar-humain","status":"publish","type":"post","link":"https:\/\/filmpolitique.fr\/?p=917","title":{"rendered":"GRAND CIEL : entre r\u00eave social et cauchemar humain"},"content":{"rendered":"\n<!--more-->\n\n\n\n<h3 class=\"wp-block-heading\"><strong>Un des premiers sentiments qui se d\u00e9gage de Grand Ciel est que le film raconte un r\u00eave de confort et d\u2019ascension sociale (le projet immobilier) qui se transforme en cauchemar humain et technique. Comment est n\u00e9e l\u2019id\u00e9e de ce sc\u00e9nario ?<\/strong><\/h3>\n\n\n\n<p>Akihiro Hata : Cette interrogation est nourrie par le travail que j\u2019ai men\u00e9 sur les deux courts m\u00e9trages de fiction que j\u2019ai r\u00e9alis\u00e9s avant <em>Grand Ciel<\/em>, qui tournent autour du th\u00e8me du travail, et surtout de la mani\u00e8re dont il s\u2019immisce dans les rapports humains et dans l\u2019intimit\u00e9 des travailleurs.<\/p>\n\n\n\n<hr class=\"wp-block-separator has-alpha-channel-opacity\"\/>\n\n\n<div class=\"wp-block-image\">\n<figure class=\"alignright size-large is-resized\"><img loading=\"lazy\" decoding=\"async\" width=\"1024\" height=\"683\" src=\"https:\/\/filmpolitique.fr\/wp-content\/uploads\/2026\/01\/HL_FROSA_3023464-1-1024x683.jpg\" alt=\"\" class=\"wp-image-932\" style=\"width:auto;height:400px\" srcset=\"https:\/\/filmpolitique.fr\/wp-content\/uploads\/2026\/01\/HL_FROSA_3023464-1-1024x683.jpg 1024w, https:\/\/filmpolitique.fr\/wp-content\/uploads\/2026\/01\/HL_FROSA_3023464-1-300x200.jpg 300w, https:\/\/filmpolitique.fr\/wp-content\/uploads\/2026\/01\/HL_FROSA_3023464-1-768x512.jpg 768w, https:\/\/filmpolitique.fr\/wp-content\/uploads\/2026\/01\/HL_FROSA_3023464-1-1536x1024.jpg 1536w, https:\/\/filmpolitique.fr\/wp-content\/uploads\/2026\/01\/HL_FROSA_3023464-1-2048x1365.jpg 2048w, https:\/\/filmpolitique.fr\/wp-content\/uploads\/2026\/01\/HL_FROSA_3023464-1-90x60.jpg 90w, https:\/\/filmpolitique.fr\/wp-content\/uploads\/2026\/01\/HL_FROSA_3023464-1-374x249.jpg 374w\" sizes=\"auto, (max-width: 1024px) 100vw, 1024px\" \/><figcaption class=\"wp-element-caption\">Samir Guesmi et Akhiro Hata <strong>\u00a9<\/strong> Felice Rosa \/ Hans Lucas<\/figcaption><\/figure>\n<\/div>\n\n\n<h3 class=\"wp-block-heading\"><strong>Grand Ciel est un film qui montre de mani\u00e8re tr\u00e8s r\u00e9aliste le travail sur un chantier de construction. Pourquoi avoir voulu pr\u00e9senter ces m\u00e9tiers en particulier ?<\/strong><\/h3>\n\n\n\n<p>Akihiro Hata : Le BTP est, en France comme dans beaucoup d\u2019autres pays, le secteur o\u00f9 l\u2019on recense le plus d\u2019accidents du travail. Un chantier est un microcosme dans lequel se concentrent tous les enjeux sociaux et politiques, mais aussi les rapports de force. Pour moi, c\u2019est un lieu qui refl\u00e8te ce qui se passe \u00e0 l\u2019ext\u00e9rieur.<\/p>\n\n\n\n<p>C\u2019est \u00e0 la fois un espace tr\u00e8s concret et profond\u00e9ment symbolique. On voit les constructions grandir \u00e0 toute vitesse, mais on voit rarement ceux qui les construisent, et plus rarement encore ce qui est sacrifi\u00e9 pour b\u00e2tir l\u2019avenir.<\/p>\n\n\n\n<hr class=\"wp-block-separator has-alpha-channel-opacity\"\/>\n\n\n\n<h3 class=\"wp-block-heading\"><strong>Il y a une sorte de cercle vicieux dans l\u2019ambition de Vincent : il r\u00eave d\u2019acc\u00e9der \u00e0 un appartement au sein d\u2019un quartier qu\u2019il est en train de construire, quitte \u00e0 y perdre son \u00e2me\u2026<\/strong><\/h3>\n\n\n\n<p>Akihiro Hata : Oui, j\u2019ai voulu raconter ce cercle vicieux, cette contradiction dans laquelle les ouvriers, et plus g\u00e9n\u00e9ralement les travailleurs, se retrouvent dans le monde d\u2019aujourd\u2019hui. C\u2019est une sorte d\u2019entonnoir dans lequel nous sommes de plus en plus pouss\u00e9s \u00e0 entrer, \u00e0 cause de la pr\u00e9carit\u00e9, de la pression sociale, ou tout simplement pour survivre. Et une fois que nous nous retrouvons dans cet entonnoir, il est tr\u00e8s difficile d\u2019en sortir.<\/p>\n\n\n\n<p>Pour moi, c\u2019est le poison du capitalisme qui nous contamine peu \u00e0 peu, sans que nous nous en rendions compte.<\/p>\n\n\n\n<h3 class=\"wp-block-heading\"><strong>Dans ce contexte, la r\u00e9bellion de Sa\u00efd a-t-elle un sens, et lequel ?<\/strong><\/h3>\n\n\n\n<p>Akihiro Hata : Je dirais plut\u00f4t qu\u2019il s\u2019agit d\u2019un acte de r\u00e9sistance et cela a un sens. Sa\u00efd est un personnage qui a une lucidit\u00e9 que Vincent n\u2019a pas, aussi parce qu\u2019il est issu d\u2019une g\u00e9n\u00e9ration qui croyait \u00e0 la force du collectif. Avec l\u2019acc\u00e9l\u00e9ration de l\u2019uberisation dans tous les domaines de travail, l\u2019enjeu de la solidarit\u00e9, la coh\u00e9sion ou de l\u2019entraide \u00e0 l\u2019\u00e9chelle humaine me paraissent plus que cruciaux dans le monde d\u2019aujourd\u2019hui. L\u2019individualisme, la logique de chacun pour soi ne nous emm\u00e8ne nulle part, si ce n\u2019est que vers la mis\u00e8re collective.&nbsp;<\/p>\n\n\n\n<h3 class=\"wp-block-heading\"><strong>Quel sens voulez-vous donner aussi \u00e0 cette image du b\u00e9ton, arch\u00e9type de la solidit\u00e9, qui pourrit par la base (les sous-sols de la r\u00e9sidence), pour finalement se r\u00e9duire en poussi\u00e8re ?<\/strong><\/h3>\n\n\n\n<p>Akihiro Hata : Le b\u00e9ton est un danger r\u00e9el et concret auquel les ouvriers font face quotidiennement, notamment \u00e0 travers la poussi\u00e8re de b\u00e9ton. Ils la respirent chaque jour, et cette exposition peut provoquer, sur le long terme, de graves probl\u00e8mes de sant\u00e9, voire des cancers. Je suis parti de cette r\u00e9alit\u00e9 pour en faire un mat\u00e9riau all\u00e9gorique, afin de parler d\u2019une menace qui n\u2019est pas tangible, qui hante le chantier et s\u2019\u00e9tend m\u00eame au-del\u00e0.<\/p>\n\n\n\n<p>La \u00ab maladie du b\u00e9ton \u00bb que nos personnages doivent r\u00e9parer est, pour moi, la maladie de notre soci\u00e9t\u00e9. La fondation est fissur\u00e9e, et nous le savons. Mais nous \u00e9vitons de la regarder pour continuer \u00e0 avancer, \u00e0 construire, toujours plus grand et toujours plus haut.<\/p>\n\n\n\n<hr class=\"wp-block-separator has-alpha-channel-opacity\"\/>\n\n\n<div class=\"wp-block-image\">\n<figure class=\"alignleft size-large is-resized\"><img loading=\"lazy\" decoding=\"async\" width=\"1024\" height=\"683\" src=\"https:\/\/filmpolitique.fr\/wp-content\/uploads\/2026\/01\/LouiseRabault_FIFP26_1601-36-1024x683.jpg\" alt=\"\" class=\"wp-image-937\" style=\"aspect-ratio:1.4992732765254069;width:523px;height:auto\" srcset=\"https:\/\/filmpolitique.fr\/wp-content\/uploads\/2026\/01\/LouiseRabault_FIFP26_1601-36-1024x683.jpg 1024w, https:\/\/filmpolitique.fr\/wp-content\/uploads\/2026\/01\/LouiseRabault_FIFP26_1601-36-300x200.jpg 300w, https:\/\/filmpolitique.fr\/wp-content\/uploads\/2026\/01\/LouiseRabault_FIFP26_1601-36-768x512.jpg 768w, https:\/\/filmpolitique.fr\/wp-content\/uploads\/2026\/01\/LouiseRabault_FIFP26_1601-36-1536x1024.jpg 1536w, https:\/\/filmpolitique.fr\/wp-content\/uploads\/2026\/01\/LouiseRabault_FIFP26_1601-36-2048x1365.jpg 2048w, https:\/\/filmpolitique.fr\/wp-content\/uploads\/2026\/01\/LouiseRabault_FIFP26_1601-36-90x60.jpg 90w, https:\/\/filmpolitique.fr\/wp-content\/uploads\/2026\/01\/LouiseRabault_FIFP26_1601-36-374x249.jpg 374w\" sizes=\"auto, (max-width: 1024px) 100vw, 1024px\" \/><figcaption class=\"wp-element-caption\">Q&amp;A apr\u00e8s la projection de Grand Ciel lors du Festival International du Film Politique de Carcassonne <strong>\u00a9<\/strong> Lou\u00efse Rabault<\/figcaption><\/figure>\n<\/div>\n\n\n<h3 class=\"wp-block-heading\"><strong>L\u2019irruption tr\u00e8s discr\u00e8te d\u2019un \u00e9l\u00e9ment irrationnel dans l\u2019intrigue par ailleurs plut\u00f4t classique fait naturellement penser \u00e0 Murakami\u2026 quels liens avez-vous gard\u00e9 avec vos origines japonaises ?<\/strong><\/h3>\n\n\n\n<p>Akihiro Hata : Je pense en effet h\u00e9riter d\u2019une dimension irrationnelle dans mon rapport aux lieux, quelque chose de tr\u00e8s ancr\u00e9 dans la culture japonaise. Nous acceptons tr\u00e8s facilement, par exemple, qu\u2019un lieu puisse avoir une \u00e2me, qu\u2019il soit vivant, comme le chantier de construction que j\u2019ai trait\u00e9 comme un lieu organique dans mon film.&nbsp;<\/p>\n\n\n\n<p>Plus g\u00e9n\u00e9ralement, <em>Grand Ciel<\/em> se situe \u00e0 la crois\u00e9e de deux cultures : celle du cin\u00e9ma fran\u00e7ais, social et naturaliste, qui parle du monde du travail, et celle du Japon \u2014 que l\u2019on retrouve notamment chez H. Murakami en litt\u00e9rature ou chez K. Kurosawa au cin\u00e9ma.<\/p>\n\n\n\n<hr class=\"wp-block-separator has-alpha-channel-opacity\"\/>\n\n\n<div class=\"wp-block-image\">\n<figure class=\"alignright size-large is-resized\"><img loading=\"lazy\" decoding=\"async\" width=\"1024\" height=\"683\" src=\"https:\/\/filmpolitique.fr\/wp-content\/uploads\/2026\/01\/LouiseRabault_FIFP26_1601-52-1-1024x683.jpg\" alt=\"\" class=\"wp-image-941\" style=\"aspect-ratio:1.5000247757791982;width:513px;height:auto\" srcset=\"https:\/\/filmpolitique.fr\/wp-content\/uploads\/2026\/01\/LouiseRabault_FIFP26_1601-52-1-1024x683.jpg 1024w, https:\/\/filmpolitique.fr\/wp-content\/uploads\/2026\/01\/LouiseRabault_FIFP26_1601-52-1-300x200.jpg 300w, https:\/\/filmpolitique.fr\/wp-content\/uploads\/2026\/01\/LouiseRabault_FIFP26_1601-52-1-768x512.jpg 768w, https:\/\/filmpolitique.fr\/wp-content\/uploads\/2026\/01\/LouiseRabault_FIFP26_1601-52-1-1536x1024.jpg 1536w, https:\/\/filmpolitique.fr\/wp-content\/uploads\/2026\/01\/LouiseRabault_FIFP26_1601-52-1-2048x1365.jpg 2048w, https:\/\/filmpolitique.fr\/wp-content\/uploads\/2026\/01\/LouiseRabault_FIFP26_1601-52-1-90x60.jpg 90w, https:\/\/filmpolitique.fr\/wp-content\/uploads\/2026\/01\/LouiseRabault_FIFP26_1601-52-1-374x249.jpg 374w\" sizes=\"auto, (max-width: 1024px) 100vw, 1024px\" \/><figcaption class=\"wp-element-caption\">Akihiro Hata, R\u00e9gine Arniaud et Samir Guesmi lors de du FIFP <strong>\u00a9<\/strong> Louise <\/figcaption><\/figure>\n<\/div>\n\n\n<h3 class=\"wp-block-heading\"><strong>Et enfin, la question que nous posons \u00e0 tous les invit\u00e9s du Festival international du film politique de Carcassonne : selon vous, en quoi le cin\u00e9ma peut-il contribuer \u00e0 changer le monde ?<\/strong><\/h3>\n\n\n\n<p>Akihiro Hata : Mes r\u00e9flexions politiques ont toujours \u00e9t\u00e9 le premier moteur de ma cr\u00e9ation. C\u2019est ainsi que je trouve un sens \u00e0 ce que je fais. Faire des films est, pour moi, une mani\u00e8re de participer aux r\u00e9flexions collectives, politiques et humaines, car le cin\u00e9ma a le pouvoir de rendre visible l\u2019invisible : montrer ce que l\u2019on ne montre pas, ou ce que l\u2019on pr\u00e9f\u00e8re ne pas voir.<\/p>\n\n\n\n<p>Pour prolonger la discussion, retrouvez notre rencontre avec Akihiro Hata et Samir Guesmi :<\/p>\n\n\n\n<figure class=\"wp-block-embed is-type-video is-provider-youtube wp-block-embed-youtube wp-embed-aspect-16-9 wp-has-aspect-ratio\"><div class=\"wp-block-embed__wrapper\">\n<iframe loading=\"lazy\" title=\"GRAND CIEL \u2013 Le travail au c\u0153ur du cin\u00e9ma politique | Entretien avec Akihiro Hata et Samir Guesmi\" width=\"640\" height=\"360\" src=\"https:\/\/www.youtube.com\/embed\/Wv1gvB8HAY0?feature=oembed\" frameborder=\"0\" allow=\"accelerometer; autoplay; clipboard-write; encrypted-media; gyroscope; picture-in-picture; web-share\" referrerpolicy=\"strict-origin-when-cross-origin\" allowfullscreen><\/iframe>\n<\/div><\/figure>\n","protected":false},"excerpt":{"rendered":"","protected":false},"author":1,"featured_media":944,"comment_status":"open","ping_status":"open","sticky":false,"template":"","format":"standard","meta":{"footnotes":""},"categories":[11,8,7],"tags":[12,19,18],"class_list":["post-917","post","type-post","status-publish","format-standard","has-post-thumbnail","hentry","category-interviews","category-interviews-ecrites","category-interviews-filmees","tag-cinema","tag-politique","tag-travail"],"yoast_head":"<!-- This site is optimized with the Yoast SEO plugin v26.5 - https:\/\/yoast.com\/wordpress\/plugins\/seo\/ -->\n<title>Grand Ciel : entretien avec Akihiro Hata, un film sur le capitalisme<\/title>\n<meta name=\"description\" content=\"Dans cette interview, le r\u00e9alisateur de Grand Ciel revient sur son sc\u00e9nario et la dimension politique de son cin\u00e9ma social.\" \/>\n<meta name=\"robots\" content=\"index, follow, max-snippet:-1, max-image-preview:large, max-video-preview:-1\" \/>\n<link rel=\"canonical\" href=\"https:\/\/filmpolitique.fr\/?p=917\" \/>\n<meta property=\"og:locale\" content=\"fr_FR\" \/>\n<meta property=\"og:type\" content=\"article\" \/>\n<meta property=\"og:title\" content=\"Grand Ciel : entretien avec Akihiro Hata, un film sur le capitalisme\" \/>\n<meta property=\"og:description\" content=\"Dans cette interview, le r\u00e9alisateur de Grand Ciel revient sur son sc\u00e9nario et la dimension politique de son cin\u00e9ma social.\" \/>\n<meta property=\"og:url\" content=\"https:\/\/filmpolitique.fr\/?p=917\" \/>\n<meta property=\"og:site_name\" content=\"filmpolitique.fr\" \/>\n<meta property=\"article:published_time\" content=\"2026-01-22T11:00:00+00:00\" \/>\n<meta property=\"article:modified_time\" content=\"2026-01-22T13:26:33+00:00\" \/>\n<meta property=\"og:image\" content=\"https:\/\/filmpolitique.fr\/wp-content\/uploads\/2026\/01\/HL_FROSA_3023453-scaled.jpg\" \/>\n\t<meta property=\"og:image:width\" content=\"2560\" \/>\n\t<meta property=\"og:image:height\" content=\"1707\" \/>\n\t<meta property=\"og:image:type\" content=\"image\/jpeg\" \/>\n<meta name=\"author\" content=\"cinebastideblog\" \/>\n<meta name=\"twitter:card\" content=\"summary_large_image\" \/>\n<meta name=\"twitter:label1\" content=\"\u00c9crit par\" \/>\n\t<meta name=\"twitter:data1\" content=\"cinebastideblog\" \/>\n\t<meta name=\"twitter:label2\" content=\"Dur\u00e9e de lecture estim\u00e9e\" \/>\n\t<meta name=\"twitter:data2\" content=\"6 minutes\" \/>\n<script type=\"application\/ld+json\" class=\"yoast-schema-graph\">{\"@context\":\"https:\/\/schema.org\",\"@graph\":[{\"@type\":\"WebPage\",\"@id\":\"https:\/\/filmpolitique.fr\/?p=917\",\"url\":\"https:\/\/filmpolitique.fr\/?p=917\",\"name\":\"Grand Ciel : entretien avec Akihiro Hata, un film sur le capitalisme\",\"isPartOf\":{\"@id\":\"https:\/\/filmpolitique.fr\/#website\"},\"primaryImageOfPage\":{\"@id\":\"https:\/\/filmpolitique.fr\/?p=917#primaryimage\"},\"image\":{\"@id\":\"https:\/\/filmpolitique.fr\/?p=917#primaryimage\"},\"thumbnailUrl\":\"https:\/\/filmpolitique.fr\/wp-content\/uploads\/2026\/01\/HL_FROSA_3023453-scaled.jpg\",\"datePublished\":\"2026-01-22T11:00:00+00:00\",\"dateModified\":\"2026-01-22T13:26:33+00:00\",\"author\":{\"@id\":\"https:\/\/filmpolitique.fr\/#\/schema\/person\/f7f1eb2ac9ba87f0152547f2847a6c34\"},\"description\":\"Dans cette interview, le r\u00e9alisateur de Grand Ciel revient sur son sc\u00e9nario et la dimension politique de son cin\u00e9ma social.\",\"breadcrumb\":{\"@id\":\"https:\/\/filmpolitique.fr\/?p=917#breadcrumb\"},\"inLanguage\":\"fr-FR\",\"potentialAction\":[{\"@type\":\"ReadAction\",\"target\":[\"https:\/\/filmpolitique.fr\/?p=917\"]}]},{\"@type\":\"ImageObject\",\"inLanguage\":\"fr-FR\",\"@id\":\"https:\/\/filmpolitique.fr\/?p=917#primaryimage\",\"url\":\"https:\/\/filmpolitique.fr\/wp-content\/uploads\/2026\/01\/HL_FROSA_3023453-scaled.jpg\",\"contentUrl\":\"https:\/\/filmpolitique.fr\/wp-content\/uploads\/2026\/01\/HL_FROSA_3023453-scaled.jpg\",\"width\":2560,\"height\":1707,\"caption\":\"Akhiro Hata at the International Political Film Festival in Carcassonne in the south-west of France on January 16, 2026. Akihiro Hata is a French-based filmmaker, actor, writer, and director whose feature film Grand Ciel premiered in the Orizzonti section at the 2025 Venice Film Festival. Akhiro Hata au Festival international du film politique de Carcassonne dans le sud-ouest de la France le 16\u00a0janvier\u00a02026. Akihiro Hata est un cineaste, acteur, ecrivain et realisateur francais dont le long metrage Grand Ciel a ete presente en avant-premiere dans la section Orizzonti au Festival du film de Venise 2025.\"},{\"@type\":\"BreadcrumbList\",\"@id\":\"https:\/\/filmpolitique.fr\/?p=917#breadcrumb\",\"itemListElement\":[{\"@type\":\"ListItem\",\"position\":1,\"name\":\"Home\",\"item\":\"https:\/\/filmpolitique.fr\/\"},{\"@type\":\"ListItem\",\"position\":2,\"name\":\"GRAND CIEL : entre r\u00eave social et cauchemar humain\"}]},{\"@type\":\"WebSite\",\"@id\":\"https:\/\/filmpolitique.fr\/#website\",\"url\":\"https:\/\/filmpolitique.fr\/\",\"name\":\"filmpolitique.fr\",\"description\":\"Le cin\u00e9ma qui change le regard sur le monde\",\"potentialAction\":[{\"@type\":\"SearchAction\",\"target\":{\"@type\":\"EntryPoint\",\"urlTemplate\":\"https:\/\/filmpolitique.fr\/?s={search_term_string}\"},\"query-input\":{\"@type\":\"PropertyValueSpecification\",\"valueRequired\":true,\"valueName\":\"search_term_string\"}}],\"inLanguage\":\"fr-FR\"},{\"@type\":\"Person\",\"@id\":\"https:\/\/filmpolitique.fr\/#\/schema\/person\/f7f1eb2ac9ba87f0152547f2847a6c34\",\"name\":\"cinebastideblog\",\"image\":{\"@type\":\"ImageObject\",\"inLanguage\":\"fr-FR\",\"@id\":\"https:\/\/filmpolitique.fr\/#\/schema\/person\/image\/\",\"url\":\"https:\/\/secure.gravatar.com\/avatar\/71227138e4ddfa2dbc7dcb131573dc077cdf7b3a51a8aacb71d82aecf1cceea7?s=96&d=mm&r=g\",\"contentUrl\":\"https:\/\/secure.gravatar.com\/avatar\/71227138e4ddfa2dbc7dcb131573dc077cdf7b3a51a8aacb71d82aecf1cceea7?s=96&d=mm&r=g\",\"caption\":\"cinebastideblog\"},\"sameAs\":[\"https:\/\/filmpolitique.org\"],\"url\":\"https:\/\/filmpolitique.fr\/?author=1\"}]}<\/script>\n<!-- \/ Yoast SEO plugin. -->","yoast_head_json":{"title":"Grand Ciel : entretien avec Akihiro Hata, un film sur le capitalisme","description":"Dans cette interview, le r\u00e9alisateur de Grand Ciel revient sur son sc\u00e9nario et la dimension politique de son cin\u00e9ma social.","robots":{"index":"index","follow":"follow","max-snippet":"max-snippet:-1","max-image-preview":"max-image-preview:large","max-video-preview":"max-video-preview:-1"},"canonical":"https:\/\/filmpolitique.fr\/?p=917","og_locale":"fr_FR","og_type":"article","og_title":"Grand Ciel : entretien avec Akihiro Hata, un film sur le capitalisme","og_description":"Dans cette interview, le r\u00e9alisateur de Grand Ciel revient sur son sc\u00e9nario et la dimension politique de son cin\u00e9ma social.","og_url":"https:\/\/filmpolitique.fr\/?p=917","og_site_name":"filmpolitique.fr","article_published_time":"2026-01-22T11:00:00+00:00","article_modified_time":"2026-01-22T13:26:33+00:00","og_image":[{"width":2560,"height":1707,"url":"https:\/\/filmpolitique.fr\/wp-content\/uploads\/2026\/01\/HL_FROSA_3023453-scaled.jpg","type":"image\/jpeg"}],"author":"cinebastideblog","twitter_card":"summary_large_image","twitter_misc":{"\u00c9crit par":"cinebastideblog","Dur\u00e9e de lecture estim\u00e9e":"6 minutes"},"schema":{"@context":"https:\/\/schema.org","@graph":[{"@type":"WebPage","@id":"https:\/\/filmpolitique.fr\/?p=917","url":"https:\/\/filmpolitique.fr\/?p=917","name":"Grand Ciel : entretien avec Akihiro Hata, un film sur le capitalisme","isPartOf":{"@id":"https:\/\/filmpolitique.fr\/#website"},"primaryImageOfPage":{"@id":"https:\/\/filmpolitique.fr\/?p=917#primaryimage"},"image":{"@id":"https:\/\/filmpolitique.fr\/?p=917#primaryimage"},"thumbnailUrl":"https:\/\/filmpolitique.fr\/wp-content\/uploads\/2026\/01\/HL_FROSA_3023453-scaled.jpg","datePublished":"2026-01-22T11:00:00+00:00","dateModified":"2026-01-22T13:26:33+00:00","author":{"@id":"https:\/\/filmpolitique.fr\/#\/schema\/person\/f7f1eb2ac9ba87f0152547f2847a6c34"},"description":"Dans cette interview, le r\u00e9alisateur de Grand Ciel revient sur son sc\u00e9nario et la dimension politique de son cin\u00e9ma social.","breadcrumb":{"@id":"https:\/\/filmpolitique.fr\/?p=917#breadcrumb"},"inLanguage":"fr-FR","potentialAction":[{"@type":"ReadAction","target":["https:\/\/filmpolitique.fr\/?p=917"]}]},{"@type":"ImageObject","inLanguage":"fr-FR","@id":"https:\/\/filmpolitique.fr\/?p=917#primaryimage","url":"https:\/\/filmpolitique.fr\/wp-content\/uploads\/2026\/01\/HL_FROSA_3023453-scaled.jpg","contentUrl":"https:\/\/filmpolitique.fr\/wp-content\/uploads\/2026\/01\/HL_FROSA_3023453-scaled.jpg","width":2560,"height":1707,"caption":"Akhiro Hata at the International Political Film Festival in Carcassonne in the south-west of France on January 16, 2026. Akihiro Hata is a French-based filmmaker, actor, writer, and director whose feature film Grand Ciel premiered in the Orizzonti section at the 2025 Venice Film Festival. Akhiro Hata au Festival international du film politique de Carcassonne dans le sud-ouest de la France le 16\u00a0janvier\u00a02026. Akihiro Hata est un cineaste, acteur, ecrivain et realisateur francais dont le long metrage Grand Ciel a ete presente en avant-premiere dans la section Orizzonti au Festival du film de Venise 2025."},{"@type":"BreadcrumbList","@id":"https:\/\/filmpolitique.fr\/?p=917#breadcrumb","itemListElement":[{"@type":"ListItem","position":1,"name":"Home","item":"https:\/\/filmpolitique.fr\/"},{"@type":"ListItem","position":2,"name":"GRAND CIEL : entre r\u00eave social et cauchemar humain"}]},{"@type":"WebSite","@id":"https:\/\/filmpolitique.fr\/#website","url":"https:\/\/filmpolitique.fr\/","name":"filmpolitique.fr","description":"Le cin\u00e9ma qui change le regard sur le monde","potentialAction":[{"@type":"SearchAction","target":{"@type":"EntryPoint","urlTemplate":"https:\/\/filmpolitique.fr\/?s={search_term_string}"},"query-input":{"@type":"PropertyValueSpecification","valueRequired":true,"valueName":"search_term_string"}}],"inLanguage":"fr-FR"},{"@type":"Person","@id":"https:\/\/filmpolitique.fr\/#\/schema\/person\/f7f1eb2ac9ba87f0152547f2847a6c34","name":"cinebastideblog","image":{"@type":"ImageObject","inLanguage":"fr-FR","@id":"https:\/\/filmpolitique.fr\/#\/schema\/person\/image\/","url":"https:\/\/secure.gravatar.com\/avatar\/71227138e4ddfa2dbc7dcb131573dc077cdf7b3a51a8aacb71d82aecf1cceea7?s=96&d=mm&r=g","contentUrl":"https:\/\/secure.gravatar.com\/avatar\/71227138e4ddfa2dbc7dcb131573dc077cdf7b3a51a8aacb71d82aecf1cceea7?s=96&d=mm&r=g","caption":"cinebastideblog"},"sameAs":["https:\/\/filmpolitique.org"],"url":"https:\/\/filmpolitique.fr\/?author=1"}]}},"_links":{"self":[{"href":"https:\/\/filmpolitique.fr\/index.php?rest_route=\/wp\/v2\/posts\/917","targetHints":{"allow":["GET"]}}],"collection":[{"href":"https:\/\/filmpolitique.fr\/index.php?rest_route=\/wp\/v2\/posts"}],"about":[{"href":"https:\/\/filmpolitique.fr\/index.php?rest_route=\/wp\/v2\/types\/post"}],"author":[{"embeddable":true,"href":"https:\/\/filmpolitique.fr\/index.php?rest_route=\/wp\/v2\/users\/1"}],"replies":[{"embeddable":true,"href":"https:\/\/filmpolitique.fr\/index.php?rest_route=%2Fwp%2Fv2%2Fcomments&post=917"}],"version-history":[{"count":8,"href":"https:\/\/filmpolitique.fr\/index.php?rest_route=\/wp\/v2\/posts\/917\/revisions"}],"predecessor-version":[{"id":966,"href":"https:\/\/filmpolitique.fr\/index.php?rest_route=\/wp\/v2\/posts\/917\/revisions\/966"}],"wp:featuredmedia":[{"embeddable":true,"href":"https:\/\/filmpolitique.fr\/index.php?rest_route=\/wp\/v2\/media\/944"}],"wp:attachment":[{"href":"https:\/\/filmpolitique.fr\/index.php?rest_route=%2Fwp%2Fv2%2Fmedia&parent=917"}],"wp:term":[{"taxonomy":"category","embeddable":true,"href":"https:\/\/filmpolitique.fr\/index.php?rest_route=%2Fwp%2Fv2%2Fcategories&post=917"},{"taxonomy":"post_tag","embeddable":true,"href":"https:\/\/filmpolitique.fr\/index.php?rest_route=%2Fwp%2Fv2%2Ftags&post=917"}],"curies":[{"name":"wp","href":"https:\/\/api.w.org\/{rel}","templated":true}]}}