{"id":920,"date":"2026-04-08T09:00:00","date_gmt":"2026-04-08T07:00:00","guid":{"rendered":"https:\/\/filmpolitique.fr\/?p=920"},"modified":"2026-01-22T14:36:21","modified_gmt":"2026-01-22T13:36:21","slug":"made-in-eu-cinema-politique-bulgarie","status":"publish","type":"post","link":"https:\/\/filmpolitique.fr\/?p=920","title":{"rendered":"MADE IN EU : Stephen Komandarev filme les coulisses d\u00e9shumanisantes du textile fabriqu\u00e9 en Europe"},"content":{"rendered":"\n<h3 class=\"wp-block-heading\">Stephen Komandarev d\u00e9peint la pression sociale et l&rsquo;environnement de travail d\u00e9shumanisant cach\u00e9e derri\u00e8re la fabrication des v\u00eatements Made in EU. <\/h3>\n\n\n\n<!--more-->\n\n\n\n<h3 class=\"wp-block-heading\"><strong>Ce film se pr\u00e9sente comme un t\u00e9moignage sur la fa\u00e7on dont la pand\u00e9mie de Covid a \u00e9t\u00e9 v\u00e9cue dans un pays, la Bulgarie, que nous les fran\u00e7ais connaissons peu. Quelle \u00e9tait l\u2019origine de votre choix de ce sujet, et comment \u00ab Made in EU \u00bb s\u2019inscrit-il dans votre filmographie <\/strong>?<\/h3>\n\n\n\n<p>Stephan KOMANDAREV : Je voudrais clarifier tout de suite que, selon moi et mon \u00e9quipe, ce n\u2019est pas un film sur le COVID. C\u2019est un film sur une autre pand\u00e9mie, beaucoup plus effrayante et dangereuse que la COVID\u2014la pand\u00e9mie de mondialisation g\u00e9n\u00e9ralis\u00e9e. Pour moi, ce sujet a commenc\u00e9 m\u00eame avant le Covid \u2013 en 2019, la Campagne pour des v\u00eatements propres (cleanclothes.org) a publi\u00e9 une \u00e9tude \u00e0 grande \u00e9chelle sur l\u2019exploitation et les conditions de travail dans l\u2019industrie textile en Bulgarie. Il est toujours disponible sur leur site web. Les conclusions m\u2019ont \u00e9t\u00e9 tr\u00e8s choquantes. Il s\u2019est av\u00e9r\u00e9 que j\u2019avais des amis, des syndicalistes, qui avaient particip\u00e9 \u00e0 l\u2019\u00e9tude \u2013 ils m\u2019ont fourni beaucoup de mat\u00e9riel suppl\u00e9mentaire \u00e0 l\u2019\u00e9poque \u2013 des entretiens avec les travailleurs, des donn\u00e9es sur les salaires et les conditions de travail, et plus encore.<\/p>\n\n\n\n<p>Ensuite, j\u2019ai d\u00e9cid\u00e9 de faire un film sur ce sujet, mais je cherchais toujours l\u2019histoire sp\u00e9cifique adapt\u00e9e au cin\u00e9ma.<\/p>\n\n\n\n<p>Je l\u2019ai trouv\u00e9 quand l\u2019\u00e9pid\u00e9mie de coronavirus a atteint la Bulgarie. Ensuite, les usines de v\u00eatements sont devenues les premi\u00e8res \u00e9pid\u00e9mies de la maladie. Cela \u00e9tait logique, \u00e9tant donn\u00e9 les ateliers surpeupl\u00e9s, les conditions de travail terribles, le manque d\u2019hygi\u00e8ne et de mesures de s\u00e9curit\u00e9 de base. Le profit a \u00e9t\u00e9 plac\u00e9 au-dessus de la vie humaine.&nbsp;<\/p>\n\n\n\n<p>Les travailleuses ont \u00e9t\u00e9 forc\u00e9es de cacher qu\u2019elles \u00e9taient malades en \u00ab ing\u00e9rant \u00bb quelques pilules. De cette fa\u00e7on, ils ne perdraient pas leurs salaires d\u00e9j\u00e0 faibles, dont la moiti\u00e9 \u00e9tait une \u00ab prime \u00bb li\u00e9e \u00e0 l\u2019obligation de ne pas manquer une journ\u00e9e de travail !&nbsp; Donc, lorsque ce film a finalement \u00e9t\u00e9 termin\u00e9, bien qu\u2019il ait \u00e9t\u00e9 tr\u00e8s difficile, je pense qu\u2019il s\u2019int\u00e8gre avec mes autres films, o\u00f9 je m\u2019efforce de faire un cin\u00e9ma qui provoque la discussion sociale et politique. Le film est une r\u00e9action contre la mondialisation sauvage, qui creuse les in\u00e9galit\u00e9s \u00e0 la fois entre les pays et au sein des soci\u00e9t\u00e9s de l\u2019UE. La seule industrie dans de nombreux endroits dans la partie orientale de l\u2019UE sont les ateliers de marques occidentales qui y ont export\u00e9 leur production. Ils exploitent la main-d\u2019\u0153uvre locale bon march\u00e9, ou du moins ce qui reste apr\u00e8s la migration intensive de la main-d\u2019\u0153uvre vers l\u2019Ouest.&nbsp;&nbsp;<\/p>\n\n\n\n<p>L\u2019Europe de l\u2019Est devient ainsi une sorte de \u00ab tiers monde \u00bb de l\u2019UE, une p\u00e9riph\u00e9rie de la p\u00e9riph\u00e9rie, o\u00f9 se produisent les productions les plus ind\u00e9sirables.<\/p>\n\n\n\n<h3 class=\"wp-block-heading\"><strong>Le monde du travail d\u00e9peint dans le film, qui est plut\u00f4t dur pour les travailleuses, est-il repr\u00e9sentatif de l\u2019industrie du v\u00eatement dans votre pays ?<\/strong><\/h3>\n\n\n\n<p>Stephan KOMANDAREV : Cela est particuli\u00e8rement vrai pour les usines de v\u00eatements situ\u00e9es loin des grandes villes, dans les petites villes o\u00f9 les personnes en \u00e2ge de travailler qui n\u2019ont pas \u00e9migr\u00e9 n\u2019ont pas beaucoup d\u2019options lorsqu\u2019il s\u2019agit de choisir un emploi.&nbsp;<\/p>\n\n\n\n<h3 class=\"wp-block-heading\"><strong>Un autre aspect du film est son regard critique sur les dommages que les m\u00e9dias peuvent causer, et comment les gens prennent ce qui se dit \u00e0 la t\u00e9l\u00e9vision. Est-ce aussi un film sur la rumeur ?<\/strong><\/h3>\n\n\n\n<p>Stephan KOMANDAREV : Ce n\u2019est pas un film sur les rumeurs. Au contraire, nous essayons de montrer des m\u00e9canismes psychologiques connus depuis longtemps et, malheureusement, efficaces pour faire face aux situations de crise et d\u2019incertitude, ce que, h\u00e9las, les m\u00e9dias promeuvent avec succ\u00e8s. Le capitalisme agressif, malgr\u00e9 les diff\u00e9rences locales, a des manifestations similaires en Bulgarie, en Europe et dans le monde. Et sa principale cons\u00e9quence est qu\u2019il cr\u00e9e toujours des crises. L\u2019accumulation de ces crises (elles ont de nombreux visages &#8211; financier, politique, Covid, militaire) conduit \u00e0 la formation d\u2019une conscience avec un sentiment aigu de manque de s\u00e9curit\u00e9 (nationale et personnelle), de justice (dans la r\u00e9partition des co\u00fbts des crises et la baisse du niveau de vie) et la confiance entre ceux au pouvoir et ceux gouvern\u00e9s. Dans une telle situation d\u2019anxi\u00e9t\u00e9 croissante et de personnes atomis\u00e9es, il est toujours bon de trouver quelqu\u2019un \u00e0 bl\u00e2mer, quelqu\u2019un pour canaliser la tension sociale accumul\u00e9e et l\u2019agression.&nbsp;<\/p>\n\n\n\n<p>Ce n\u2019est pas nouveau, nous cherchons toujours un \u00ab ennemi \u00bb \u00e0 bl\u00e2mer, par opposition \u00e0 nous-m\u00eames. C\u2019est une fa\u00e7on de surmonter l\u2019anxi\u00e9t\u00e9 et d\u2019\u00e9chapper \u00e0 la responsabilit\u00e9. Le cin\u00e9ma, en racontant des histoires \u00e9motionnelles et profond\u00e9ment personnelles, pourrait \u00ab d\u00e9masquer \u00bb et expliquer ces processus, encourageant les spectateurs \u00e0 une vision diff\u00e9rente de celle impos\u00e9e par les m\u00e9dias traditionnels.<\/p>\n\n\n\n<h3 class=\"wp-block-heading\"><strong>Formellement, le film semble divis\u00e9 en deux : des sc\u00e8nes tourn\u00e9es au c\u0153ur de l\u2019action (comme celles qui se d\u00e9roulent dans l\u2019usine) et d\u2019autres (comme celles de l\u2019appartement d\u2019Iva) o\u00f9 la cam\u00e9ra appara\u00eet plus d\u00e9tach\u00e9e. Quelle est la signification derri\u00e8re cette structure ?&nbsp;<\/strong><\/h3>\n\n\n\n<p>Stephan KOMANDAREV : Dans l\u2019ensemble, nous avons essay\u00e9 de faire en sorte que le film s\u2019int\u00e8gre dans le genre de l\u2019observation documentaire. Avec des plans longs, pas d\u2019effets inutiles, pas de musique, mais avec authenticit\u00e9 et une performance d\u2019acteur forte. Bien s\u00fbr, au fur et \u00e0 mesure que l\u2019histoire du film se d\u00e9veloppait, nous avons essay\u00e9 de d\u00e9velopper la fa\u00e7on dont il a \u00e9t\u00e9 tourn\u00e9 et le r\u00e9cit cin\u00e9matographique.&nbsp;&nbsp;<\/p>\n\n\n\n<h3 class=\"wp-block-heading\"><strong>Que repr\u00e9sente le fils d\u2019Iva en tant que personnage ? Dans son cas, c\u2019est son d\u00e9sir de sortir du quotidien qui s\u2019arr\u00eate avec la pand\u00e9mie&#8230;&nbsp;<\/strong><\/h3>\n\n\n\n<p>Stephan KOMANDAREV : Le fils d\u2019Iva subit le plus grand d\u00e9veloppement dramatique \u2013 dans la deuxi\u00e8me partie du film, il se rapproche de sa m\u00e8re, parvient \u00e0 se r\u00e9concilier avec elle et \u00e0 la prot\u00e9ger. Mes espoirs sont concentr\u00e9s sur cette g\u00e9n\u00e9ration, peut-\u00eatre parce que j\u2019ai deux enfants de cet \u00e2ge. Au d\u00e9but du film, il veut s\u2019\u00e9chapper, tout comme un grand nombre de jeunes en Bulgarie l\u2019ont fait, en raison du manque de quelque chose appel\u00e9 perspective\u2014pour le d\u00e9veloppement personnel, humain, professionnel et toutes sortes de d\u00e9veloppement et d\u2019\u00e9panouissement. J\u2019esp\u00e8re que cette g\u00e9n\u00e9ration changera les choses, pas seulement en Bulgarie.<\/p>\n\n\n\n<h3 class=\"wp-block-heading\"><strong>Pensez-vous qu\u2019apr\u00e8s avoir vu votre film, les gens verront diff\u00e9remment une \u00e9tiquette \u00ab Made in EU \u00bb sur les v\u00eatements ?<\/strong><\/h3>\n\n\n\n<p>Stephan KOMANDAREV : J\u2019esp\u00e8re qu\u2019ils y penseront. Qu\u2019ils seront provoqu\u00e9s. Et peut-\u00eatre int\u00e9ress\u00e9 par ce qui se cache derri\u00e8re les \u00e9tiquettes brillantes des beaux v\u00eatements qu\u2019ils ach\u00e8tent dans les nouveaux temples de nos soci\u00e9t\u00e9s \u2013 les centres commerciaux et les magasins de luxe. Parce que lorsque vous ne remarquez pas l\u2019injustice, vous devenez son alli\u00e9.<\/p>\n\n\n\n<h3 class=\"wp-block-heading\"><strong>Et enfin, la question que nous posons \u00e0 tous les invit\u00e9s du festival : dans quelle mesure, selon vous, le cin\u00e9ma peut-il aider \u00e0 changer le monde ?<\/strong><\/h3>\n\n\n\n<p>Stephan KOMANDAREV : Je ne connais pas le monde. Je crois aux petits changements. \u00c0 l\u2019effet papillon. Je pense que le cin\u00e9ma peut faire \u00e7a. Plus c\u2019est souvent, mieux c\u2019est. Et c\u2019est la fa\u00e7on de changer le monde\u2014\u00e9tape par \u00e9tape.<\/p>\n\n\n\n<p>Retrouvez notre discussion avec les r\u00e9alisateurs Stephan Komandarev et Simeon Ventsislavov :<\/p>\n\n\n\n<figure class=\"wp-block-embed is-provider-youtube wp-block-embed-youtube\"><div class=\"wp-block-embed__wrapper\">\nhttps:\/\/youtu.be\/BzawYIeTCr8\n<\/div><\/figure>\n","protected":false},"excerpt":{"rendered":"<p>Avec Made in EU, le r\u00e9alisateur propose un film politique sur l\u2019exploitation du travail dans l\u2019industrie textile en Bulgarie, utilisant la pand\u00e9mie comme r\u00e9v\u00e9lateur d\u2019une mondialisation destructrice.<\/p>\n","protected":false},"author":1,"featured_media":969,"comment_status":"open","ping_status":"open","sticky":false,"template":"","format":"standard","meta":{"footnotes":""},"categories":[8],"tags":[],"class_list":["post-920","post","type-post","status-publish","format-standard","has-post-thumbnail","hentry","category-interviews-ecrites"],"yoast_head":"<!-- This site is optimized with the Yoast SEO plugin v26.5 - https:\/\/yoast.com\/wordpress\/plugins\/seo\/ -->\n<title>Made in EU : le cin\u00e9ma d\u00e9nonce l\u2019exploitation du travail en Europe<\/title>\n<meta name=\"description\" content=\"Dans cet interview, le r\u00e9alisateur de Made in EU revient sur l\u2019industrie textile en Bulgarie et le pouvoir politique du cin\u00e9ma.\" \/>\n<meta name=\"robots\" content=\"index, follow, max-snippet:-1, max-image-preview:large, max-video-preview:-1\" \/>\n<link rel=\"canonical\" href=\"https:\/\/filmpolitique.fr\/?p=920\" \/>\n<meta property=\"og:locale\" content=\"fr_FR\" \/>\n<meta property=\"og:type\" content=\"article\" \/>\n<meta property=\"og:title\" content=\"Made in EU : le cin\u00e9ma d\u00e9nonce l\u2019exploitation du travail en Europe\" \/>\n<meta property=\"og:description\" content=\"Dans cet interview, le r\u00e9alisateur de Made in EU revient sur l\u2019industrie textile en Bulgarie et le pouvoir politique du cin\u00e9ma.\" \/>\n<meta property=\"og:url\" content=\"https:\/\/filmpolitique.fr\/?p=920\" \/>\n<meta property=\"og:site_name\" content=\"filmpolitique.fr\" \/>\n<meta property=\"article:published_time\" content=\"2026-04-08T07:00:00+00:00\" \/>\n<meta property=\"og:image\" content=\"https:\/\/filmpolitique.fr\/wp-content\/uploads\/2026\/01\/263f58c83bb30d10-2360-880-e-60.webp\" \/>\n\t<meta property=\"og:image:width\" content=\"2360\" \/>\n\t<meta property=\"og:image:height\" content=\"880\" \/>\n\t<meta property=\"og:image:type\" content=\"image\/webp\" \/>\n<meta name=\"author\" content=\"cinebastideblog\" \/>\n<meta name=\"twitter:card\" content=\"summary_large_image\" \/>\n<meta name=\"twitter:label1\" content=\"\u00c9crit par\" \/>\n\t<meta name=\"twitter:data1\" content=\"cinebastideblog\" \/>\n\t<meta name=\"twitter:label2\" content=\"Dur\u00e9e de lecture estim\u00e9e\" \/>\n\t<meta name=\"twitter:data2\" content=\"7 minutes\" \/>\n<script type=\"application\/ld+json\" class=\"yoast-schema-graph\">{\"@context\":\"https:\/\/schema.org\",\"@graph\":[{\"@type\":\"Article\",\"@id\":\"https:\/\/filmpolitique.fr\/?p=920#article\",\"isPartOf\":{\"@id\":\"https:\/\/filmpolitique.fr\/?p=920\"},\"author\":{\"name\":\"cinebastideblog\",\"@id\":\"https:\/\/filmpolitique.fr\/#\/schema\/person\/f7f1eb2ac9ba87f0152547f2847a6c34\"},\"headline\":\"MADE IN EU : Stephen Komandarev filme les coulisses d\u00e9shumanisantes du textile fabriqu\u00e9 en Europe\",\"datePublished\":\"2026-04-08T07:00:00+00:00\",\"mainEntityOfPage\":{\"@id\":\"https:\/\/filmpolitique.fr\/?p=920\"},\"wordCount\":1381,\"commentCount\":0,\"publisher\":{\"@id\":\"https:\/\/filmpolitique.fr\/#organization\"},\"image\":{\"@id\":\"https:\/\/filmpolitique.fr\/?p=920#primaryimage\"},\"thumbnailUrl\":\"https:\/\/filmpolitique.fr\/wp-content\/uploads\/2026\/01\/263f58c83bb30d10-2360-880-e-60.webp\",\"articleSection\":[\"Interviews \u00e9crites\"],\"inLanguage\":\"fr-FR\",\"potentialAction\":[{\"@type\":\"CommentAction\",\"name\":\"Comment\",\"target\":[\"https:\/\/filmpolitique.fr\/?p=920#respond\"]}]},{\"@type\":\"WebPage\",\"@id\":\"https:\/\/filmpolitique.fr\/?p=920\",\"url\":\"https:\/\/filmpolitique.fr\/?p=920\",\"name\":\"Made in EU : le cin\u00e9ma d\u00e9nonce l\u2019exploitation du travail en Europe\",\"isPartOf\":{\"@id\":\"https:\/\/filmpolitique.fr\/#website\"},\"primaryImageOfPage\":{\"@id\":\"https:\/\/filmpolitique.fr\/?p=920#primaryimage\"},\"image\":{\"@id\":\"https:\/\/filmpolitique.fr\/?p=920#primaryimage\"},\"thumbnailUrl\":\"https:\/\/filmpolitique.fr\/wp-content\/uploads\/2026\/01\/263f58c83bb30d10-2360-880-e-60.webp\",\"datePublished\":\"2026-04-08T07:00:00+00:00\",\"description\":\"Dans cet interview, le r\u00e9alisateur de Made in EU revient sur l\u2019industrie textile en Bulgarie et le pouvoir politique du cin\u00e9ma.\",\"breadcrumb\":{\"@id\":\"https:\/\/filmpolitique.fr\/?p=920#breadcrumb\"},\"inLanguage\":\"fr-FR\",\"potentialAction\":[{\"@type\":\"ReadAction\",\"target\":[\"https:\/\/filmpolitique.fr\/?p=920\"]}]},{\"@type\":\"ImageObject\",\"inLanguage\":\"fr-FR\",\"@id\":\"https:\/\/filmpolitique.fr\/?p=920#primaryimage\",\"url\":\"https:\/\/filmpolitique.fr\/wp-content\/uploads\/2026\/01\/263f58c83bb30d10-2360-880-e-60.webp\",\"contentUrl\":\"https:\/\/filmpolitique.fr\/wp-content\/uploads\/2026\/01\/263f58c83bb30d10-2360-880-e-60.webp\",\"width\":2360,\"height\":880},{\"@type\":\"BreadcrumbList\",\"@id\":\"https:\/\/filmpolitique.fr\/?p=920#breadcrumb\",\"itemListElement\":[{\"@type\":\"ListItem\",\"position\":1,\"name\":\"Home\",\"item\":\"https:\/\/filmpolitique.fr\/\"},{\"@type\":\"ListItem\",\"position\":2,\"name\":\"MADE IN EU : Stephen Komandarev filme les coulisses d\u00e9shumanisantes du textile fabriqu\u00e9 en Europe\"}]},{\"@type\":\"WebSite\",\"@id\":\"https:\/\/filmpolitique.fr\/#website\",\"url\":\"https:\/\/filmpolitique.fr\/\",\"name\":\"filmpolitique.fr\",\"description\":\"Une plateforme propos\u00e9e par le Festival International du Film Politique de Carcassonne\",\"publisher\":{\"@id\":\"https:\/\/filmpolitique.fr\/#organization\"},\"potentialAction\":[{\"@type\":\"SearchAction\",\"target\":{\"@type\":\"EntryPoint\",\"urlTemplate\":\"https:\/\/filmpolitique.fr\/?s={search_term_string}\"},\"query-input\":{\"@type\":\"PropertyValueSpecification\",\"valueRequired\":true,\"valueName\":\"search_term_string\"}}],\"inLanguage\":\"fr-FR\"},{\"@type\":\"Organization\",\"@id\":\"https:\/\/filmpolitique.fr\/#organization\",\"name\":\"filmpolitique.fr\",\"url\":\"https:\/\/filmpolitique.fr\/\",\"logo\":{\"@type\":\"ImageObject\",\"inLanguage\":\"fr-FR\",\"@id\":\"https:\/\/filmpolitique.fr\/#\/schema\/logo\/image\/\",\"url\":\"https:\/\/filmpolitique.fr\/wp-content\/uploads\/2026\/01\/film-politique-.fr_.jpg.png\",\"contentUrl\":\"https:\/\/filmpolitique.fr\/wp-content\/uploads\/2026\/01\/film-politique-.fr_.jpg.png\",\"width\":1080,\"height\":1080,\"caption\":\"filmpolitique.fr\"},\"image\":{\"@id\":\"https:\/\/filmpolitique.fr\/#\/schema\/logo\/image\/\"}},{\"@type\":\"Person\",\"@id\":\"https:\/\/filmpolitique.fr\/#\/schema\/person\/f7f1eb2ac9ba87f0152547f2847a6c34\",\"name\":\"cinebastideblog\",\"image\":{\"@type\":\"ImageObject\",\"inLanguage\":\"fr-FR\",\"@id\":\"https:\/\/filmpolitique.fr\/#\/schema\/person\/image\/\",\"url\":\"https:\/\/secure.gravatar.com\/avatar\/71227138e4ddfa2dbc7dcb131573dc077cdf7b3a51a8aacb71d82aecf1cceea7?s=96&d=mm&r=g\",\"contentUrl\":\"https:\/\/secure.gravatar.com\/avatar\/71227138e4ddfa2dbc7dcb131573dc077cdf7b3a51a8aacb71d82aecf1cceea7?s=96&d=mm&r=g\",\"caption\":\"cinebastideblog\"},\"sameAs\":[\"https:\/\/filmpolitique.org\"],\"url\":\"https:\/\/filmpolitique.fr\/?author=1\"}]}<\/script>\n<!-- \/ Yoast SEO plugin. -->","yoast_head_json":{"title":"Made in EU : le cin\u00e9ma d\u00e9nonce l\u2019exploitation du travail en Europe","description":"Dans cet interview, le r\u00e9alisateur de Made in EU revient sur l\u2019industrie textile en Bulgarie et le pouvoir politique du cin\u00e9ma.","robots":{"index":"index","follow":"follow","max-snippet":"max-snippet:-1","max-image-preview":"max-image-preview:large","max-video-preview":"max-video-preview:-1"},"canonical":"https:\/\/filmpolitique.fr\/?p=920","og_locale":"fr_FR","og_type":"article","og_title":"Made in EU : le cin\u00e9ma d\u00e9nonce l\u2019exploitation du travail en Europe","og_description":"Dans cet interview, le r\u00e9alisateur de Made in EU revient sur l\u2019industrie textile en Bulgarie et le pouvoir politique du cin\u00e9ma.","og_url":"https:\/\/filmpolitique.fr\/?p=920","og_site_name":"filmpolitique.fr","article_published_time":"2026-04-08T07:00:00+00:00","og_image":[{"width":2360,"height":880,"url":"https:\/\/filmpolitique.fr\/wp-content\/uploads\/2026\/01\/263f58c83bb30d10-2360-880-e-60.webp","type":"image\/webp"}],"author":"cinebastideblog","twitter_card":"summary_large_image","twitter_misc":{"\u00c9crit par":"cinebastideblog","Dur\u00e9e de lecture estim\u00e9e":"7 minutes"},"schema":{"@context":"https:\/\/schema.org","@graph":[{"@type":"Article","@id":"https:\/\/filmpolitique.fr\/?p=920#article","isPartOf":{"@id":"https:\/\/filmpolitique.fr\/?p=920"},"author":{"name":"cinebastideblog","@id":"https:\/\/filmpolitique.fr\/#\/schema\/person\/f7f1eb2ac9ba87f0152547f2847a6c34"},"headline":"MADE IN EU : Stephen Komandarev filme les coulisses d\u00e9shumanisantes du textile fabriqu\u00e9 en Europe","datePublished":"2026-04-08T07:00:00+00:00","mainEntityOfPage":{"@id":"https:\/\/filmpolitique.fr\/?p=920"},"wordCount":1381,"commentCount":0,"publisher":{"@id":"https:\/\/filmpolitique.fr\/#organization"},"image":{"@id":"https:\/\/filmpolitique.fr\/?p=920#primaryimage"},"thumbnailUrl":"https:\/\/filmpolitique.fr\/wp-content\/uploads\/2026\/01\/263f58c83bb30d10-2360-880-e-60.webp","articleSection":["Interviews \u00e9crites"],"inLanguage":"fr-FR","potentialAction":[{"@type":"CommentAction","name":"Comment","target":["https:\/\/filmpolitique.fr\/?p=920#respond"]}]},{"@type":"WebPage","@id":"https:\/\/filmpolitique.fr\/?p=920","url":"https:\/\/filmpolitique.fr\/?p=920","name":"Made in EU : le cin\u00e9ma d\u00e9nonce l\u2019exploitation du travail en Europe","isPartOf":{"@id":"https:\/\/filmpolitique.fr\/#website"},"primaryImageOfPage":{"@id":"https:\/\/filmpolitique.fr\/?p=920#primaryimage"},"image":{"@id":"https:\/\/filmpolitique.fr\/?p=920#primaryimage"},"thumbnailUrl":"https:\/\/filmpolitique.fr\/wp-content\/uploads\/2026\/01\/263f58c83bb30d10-2360-880-e-60.webp","datePublished":"2026-04-08T07:00:00+00:00","description":"Dans cet interview, le r\u00e9alisateur de Made in EU revient sur l\u2019industrie textile en Bulgarie et le pouvoir politique du cin\u00e9ma.","breadcrumb":{"@id":"https:\/\/filmpolitique.fr\/?p=920#breadcrumb"},"inLanguage":"fr-FR","potentialAction":[{"@type":"ReadAction","target":["https:\/\/filmpolitique.fr\/?p=920"]}]},{"@type":"ImageObject","inLanguage":"fr-FR","@id":"https:\/\/filmpolitique.fr\/?p=920#primaryimage","url":"https:\/\/filmpolitique.fr\/wp-content\/uploads\/2026\/01\/263f58c83bb30d10-2360-880-e-60.webp","contentUrl":"https:\/\/filmpolitique.fr\/wp-content\/uploads\/2026\/01\/263f58c83bb30d10-2360-880-e-60.webp","width":2360,"height":880},{"@type":"BreadcrumbList","@id":"https:\/\/filmpolitique.fr\/?p=920#breadcrumb","itemListElement":[{"@type":"ListItem","position":1,"name":"Home","item":"https:\/\/filmpolitique.fr\/"},{"@type":"ListItem","position":2,"name":"MADE IN EU : Stephen Komandarev filme les coulisses d\u00e9shumanisantes du textile fabriqu\u00e9 en Europe"}]},{"@type":"WebSite","@id":"https:\/\/filmpolitique.fr\/#website","url":"https:\/\/filmpolitique.fr\/","name":"filmpolitique.fr","description":"Une plateforme propos\u00e9e par le Festival International du Film Politique de Carcassonne","publisher":{"@id":"https:\/\/filmpolitique.fr\/#organization"},"potentialAction":[{"@type":"SearchAction","target":{"@type":"EntryPoint","urlTemplate":"https:\/\/filmpolitique.fr\/?s={search_term_string}"},"query-input":{"@type":"PropertyValueSpecification","valueRequired":true,"valueName":"search_term_string"}}],"inLanguage":"fr-FR"},{"@type":"Organization","@id":"https:\/\/filmpolitique.fr\/#organization","name":"filmpolitique.fr","url":"https:\/\/filmpolitique.fr\/","logo":{"@type":"ImageObject","inLanguage":"fr-FR","@id":"https:\/\/filmpolitique.fr\/#\/schema\/logo\/image\/","url":"https:\/\/filmpolitique.fr\/wp-content\/uploads\/2026\/01\/film-politique-.fr_.jpg.png","contentUrl":"https:\/\/filmpolitique.fr\/wp-content\/uploads\/2026\/01\/film-politique-.fr_.jpg.png","width":1080,"height":1080,"caption":"filmpolitique.fr"},"image":{"@id":"https:\/\/filmpolitique.fr\/#\/schema\/logo\/image\/"}},{"@type":"Person","@id":"https:\/\/filmpolitique.fr\/#\/schema\/person\/f7f1eb2ac9ba87f0152547f2847a6c34","name":"cinebastideblog","image":{"@type":"ImageObject","inLanguage":"fr-FR","@id":"https:\/\/filmpolitique.fr\/#\/schema\/person\/image\/","url":"https:\/\/secure.gravatar.com\/avatar\/71227138e4ddfa2dbc7dcb131573dc077cdf7b3a51a8aacb71d82aecf1cceea7?s=96&d=mm&r=g","contentUrl":"https:\/\/secure.gravatar.com\/avatar\/71227138e4ddfa2dbc7dcb131573dc077cdf7b3a51a8aacb71d82aecf1cceea7?s=96&d=mm&r=g","caption":"cinebastideblog"},"sameAs":["https:\/\/filmpolitique.org"],"url":"https:\/\/filmpolitique.fr\/?author=1"}]}},"_links":{"self":[{"href":"https:\/\/filmpolitique.fr\/index.php?rest_route=\/wp\/v2\/posts\/920","targetHints":{"allow":["GET"]}}],"collection":[{"href":"https:\/\/filmpolitique.fr\/index.php?rest_route=\/wp\/v2\/posts"}],"about":[{"href":"https:\/\/filmpolitique.fr\/index.php?rest_route=\/wp\/v2\/types\/post"}],"author":[{"embeddable":true,"href":"https:\/\/filmpolitique.fr\/index.php?rest_route=\/wp\/v2\/users\/1"}],"replies":[{"embeddable":true,"href":"https:\/\/filmpolitique.fr\/index.php?rest_route=%2Fwp%2Fv2%2Fcomments&post=920"}],"version-history":[{"count":4,"href":"https:\/\/filmpolitique.fr\/index.php?rest_route=\/wp\/v2\/posts\/920\/revisions"}],"predecessor-version":[{"id":972,"href":"https:\/\/filmpolitique.fr\/index.php?rest_route=\/wp\/v2\/posts\/920\/revisions\/972"}],"wp:featuredmedia":[{"embeddable":true,"href":"https:\/\/filmpolitique.fr\/index.php?rest_route=\/wp\/v2\/media\/969"}],"wp:attachment":[{"href":"https:\/\/filmpolitique.fr\/index.php?rest_route=%2Fwp%2Fv2%2Fmedia&parent=920"}],"wp:term":[{"taxonomy":"category","embeddable":true,"href":"https:\/\/filmpolitique.fr\/index.php?rest_route=%2Fwp%2Fv2%2Fcategories&post=920"},{"taxonomy":"post_tag","embeddable":true,"href":"https:\/\/filmpolitique.fr\/index.php?rest_route=%2Fwp%2Fv2%2Ftags&post=920"}],"curies":[{"name":"wp","href":"https:\/\/api.w.org\/{rel}","templated":true}]}}