{"id":926,"date":"2026-01-22T15:00:00","date_gmt":"2026-01-22T14:00:00","guid":{"rendered":"https:\/\/filmpolitique.fr\/?p=926"},"modified":"2026-01-22T14:08:50","modified_gmt":"2026-01-22T13:08:50","slug":"christy-and-his-brother-brendan-canty","status":"publish","type":"post","link":"https:\/\/filmpolitique.fr\/?p=926","title":{"rendered":"CHRISTY AND HIS BROTHER : Brendan Canty : \u00ab Le cin\u00e9ma peut r\u00e9parer en douceur ce que la soci\u00e9t\u00e9 fracture \u00bb"},"content":{"rendered":"\n<!--more-->\n\n\n\n<h3 class=\"wp-block-heading\"><em>Christy and his brother<\/em> est votre premier long-m\u00e9trage. Il est manifestement tr\u00e8s ancr\u00e9 dans la vie quotidienne, notamment dans un quartier populaire de Cork. D&rsquo;o\u00f9 est venue l&rsquo;id\u00e9e initiale de ce film ?<\/h3>\n\n\n\n<p>Brendan Canty : Il y a environ 13 ans, je me suis rendu dans ce quartier, au nord de Cork, pour prendre des photos lors de la <em>Bonfire Night <\/em>(la nuit des feux de joie), l\u00e0 o\u00f9 se d\u00e9roule la fin du film. Pendant que je prenais des photos, j&rsquo;ai fini par discuter avec des jeunes, des adolescents qui buvaient autour d&rsquo;un feu. Le genre de gars qu&rsquo;on pourrait regarder avec m\u00e9fiance, qu&rsquo;on \u00e9viterait peut-\u00eatre. Mais ils \u00e9taient tellement gentils. L&rsquo;un d&rsquo;eux m&rsquo;a demand\u00e9 ce que je faisais, j&rsquo;ai dit que j&rsquo;\u00e9tais cin\u00e9aste, et il m&rsquo;a r\u00e9pondu : \u00ab\u00a0J&rsquo;adorerais faire quelque chose comme \u00e7a\u00a0\u00bb. J&rsquo;ai \u00e9t\u00e9 tr\u00e8s na\u00eff, j&rsquo;ai dit : \u00ab\u00a0Pourquoi n&rsquo;irais-tu pas simplement \u00e0 l&rsquo;universit\u00e9 ? C&rsquo;est gratuit en Irlande, etc.\u00a0\u00bb Il m&rsquo;a regard\u00e9 comme si j&rsquo;avais deux t\u00eates, comme si je n&rsquo;y comprenais rien. Il m&rsquo;a ensuite remerci\u00e9 de lui avoir parl\u00e9. J&rsquo;ai \u00e9t\u00e9 frapp\u00e9 par son manque de confiance en lui, et par celui de tous ces jeunes \u00e0 cause de leur origine sociale.<\/p>\n\n\n\n<p>\u00c0 c\u00f4t\u00e9 de \u00e7a, je remarquais des enfants du quartier, un peu plus jeunes, qui d\u00e9bordaient de confiance. Ils \u00e9taient dr\u00f4les, charmants, effront\u00e9s, intelligents et industrieux, tous occup\u00e9s \u00e0 rassembler du bois pour le feu. Je me suis demand\u00e9 : \u00e0 quel moment ces enfants perdent-ils leur assurance pour finir par se sentir incapables de quoi que ce soit ? Et puis, il y avait cette id\u00e9e que la communaut\u00e9 peut aider \u00e0 gu\u00e9rir. En Irlande, et certainement au Royaume-Uni aussi, il existe une culture o\u00f9 l&rsquo;on a tendance \u00e0 rabaisser ses amis s&rsquo;ils essaient de faire quelque chose de diff\u00e9rent. C&rsquo;est souvent sous forme de blague, mais \u00e7a vient d&rsquo;une ins\u00e9curit\u00e9 qui emp\u00eache les gens de sortir de leur zone de confort. Toutes ces th\u00e9matiques se sont rejointes. Nous avons d&rsquo;abord fait un court-m\u00e9trage (en 2019), et en le tournant, nous avons rencontr\u00e9 des acteurs issus du syst\u00e8me de protection de l&rsquo;enfance, ce qui a inspir\u00e9 une histoire plus vaste. Alan O&rsquo;Gorman, le sc\u00e9nariste, a une m\u00e8re qui est assistante sociale. L&rsquo;histoire est donc n\u00e9e de sources tr\u00e8s diverses et a grandi organiquement.<\/p>\n\n\n\n<h3 class=\"wp-block-heading\">C&rsquo;est incroyable car cela donne tellement de mati\u00e8re pour un film. Par moments, le film semble tr\u00e8s proche du documentaire. Cette approche \u00e9tait-elle intentionnelle d\u00e8s le d\u00e9part, ou est-ce ce qui rend le film si authentique ?<\/h3>\n\n\n\n<p>Brendan Canty : Oui, je voulais vraiment que le film soit aussi authentique que possible. Il \u00e9tait crucial que les spectateurs croient en ces personnages et en leurs luttes. Cela passe par la mise en sc\u00e8ne, l&rsquo;utilisation de la cam\u00e9ra \u00e0 l&rsquo;\u00e9paule, mais aussi par le casting : nous avons choisi beaucoup d&rsquo;acteurs non-professionnels du quartier. Nous voulions aussi que le syst\u00e8me de protection de l&rsquo;enfance soit refl\u00e9t\u00e9 fid\u00e8lement. Nous avons fait beaucoup de recherches et d&rsquo;\u00e9coute. Il \u00e9tait primordial que n&rsquo;importe qui de Cork, ou ayant v\u00e9cu en foyer, ou ayant \u00e9t\u00e9 un fr\u00e8re dans une situation similaire, puisse croire \u00e0 chaque instant du film. Ce style de documentaire d&rsquo;observation \u00e9tait essentiel pour capturer cela.<\/p>\n\n\n\n<h3 class=\"wp-block-heading\">&nbsp;\u00c0 qui destiniez-vous ce film ? Par exemple, votre film va \u00eatre projet\u00e9 ici \u00e0 Carcassonne. Comment pensez-vous que les gens d&rsquo;ici, du sud de la France, r\u00e9agiront ?<\/h3>\n\n\n\n<p>Brendan<strong> <\/strong>Canty<strong> :<\/strong> Je pense que c&rsquo;est une histoire assez universelle. Elle r\u00e9sonne partout. D&rsquo;apr\u00e8s mon exp\u00e9rience en festival, tout le monde y r\u00e9agit positivement. Pour ceux qui connaissent l&rsquo;Irlande, je pense que le film peut surprendre, car ce n&rsquo;est pas forc\u00e9ment l&rsquo;image que l&rsquo;on vend du pays. J&rsquo;aime l&rsquo;id\u00e9e d&#8217;emmener les gens dans un endroit dont ils ignoraient l&rsquo;existence, mais o\u00f9 ils peuvent se retrouver. Une r\u00e9action fr\u00e9quente, c&rsquo;est que les gens s&rsquo;attendent \u00e0 quelque chose de tr\u00e8s d\u00e9primant ou sombre, mais ils sont surpris car nous restons du c\u00f4t\u00e9 de l&rsquo;espoir et de la lumi\u00e8re. C&rsquo;est un message positif.<\/p>\n\n\n\n<h3 class=\"wp-block-heading\">En parlant d&rsquo;influences, il y a deux ans, Ken Loach \u00e9tait l&rsquo;invit\u00e9 d&rsquo;honneur du festival. Est-ce quelqu&rsquo;un qui vous a influenc\u00e9 ? Car votre fa\u00e7on de filmer est assez proche de la sienne.<\/h3>\n\n\n\n<p>Brendan Canty : Je suis un grand fan de Ken Loach, mais je ne dirais pas qu&rsquo;il m&rsquo;a directement inspir\u00e9. J&rsquo;ai d&rsquo;ailleurs probablement regard\u00e9 plus de ses films <em>apr\u00e8s<\/em> avoir fini le mien ! Indirectement, il a certainement inspir\u00e9 les cin\u00e9astes qui m&rsquo;inspirent moi-m\u00eame. Il est l&rsquo;un des fondateurs du r\u00e9alisme social. Mais l\u00e0 o\u00f9 ses films ont souvent une ligne tr\u00e8s politique, je dirais que <em>Christy<\/em> n&rsquo;est pas un film politique en soi. C&rsquo;est de l&rsquo;authenticit\u00e9 et du r\u00e9alisme, mais j&rsquo;aime les films qui s&rsquo;autorisent \u00e0 \u00eatre un peu plus po\u00e9tiques, cin\u00e9matographiques, color\u00e9s ou musicaux.<\/p>\n\n\n\n<h3 class=\"wp-block-heading\">Parlons des acteurs, ils sont absolument incroyables. Danny Power livre une performance \u00e9poustouflante, surtout pour un premier r\u00f4le. Comment l&rsquo;avez-vous trouv\u00e9 ?<\/h3>\n\n\n\n<p>Brendan Canty : On l&rsquo;avait cast\u00e9 pour le court-m\u00e9trage en 2019. Danny, comme beaucoup d&rsquo;autres acteurs du film, est rappeur. Ils viennent d&rsquo;un endroit appel\u00e9 \u00ab\u00a0The Kabin Studio\u00a0\u00bb dans le quartier, o\u00f9 on leur apprend le hip-hop et l&rsquo;\u00e9criture. Danny a \u00e9t\u00e9 l&rsquo;un des premiers \u00e0 y aller. Au d\u00e9part, il ne devait pas jouer Christy, il \u00e9tait notre second choix. Mais quand nous lui avons confi\u00e9 le r\u00f4le, cela a d\u00e9bloqu\u00e9 quelque chose en lui. C&rsquo;est un talent pur, un naturel. Il a une gamme de jeu et une intelligence impressionnantes. C&rsquo;est vraiment l&rsquo;acteur qu&rsquo;on ne croise qu&rsquo;une fois sur un million.<\/p>\n\n\n\n<h3 class=\"wp-block-heading\">&nbsp;Pensez-vous qu&rsquo;il continuera \u00e0 faire des films ?<\/h3>\n\n\n\n<p>Brendan Canty : Je l&rsquo;esp\u00e8re. C&rsquo;est difficile pour lui car il a un jeune fils dont il a la garde exclusive, et il vit \u00e0 Cork o\u00f9 les opportunit\u00e9s sont rares. C&rsquo;est pour \u00e7a que je continue \u00e0 faire des films l\u00e0-bas ! J&rsquo;esp\u00e8re que les gens ne vont pas l&rsquo;enfermer dans un type de r\u00f4le (\u00ab\u00a0typecasting\u00a0\u00bb), car lui et les autres jeunes du film ont beaucoup plus de registre que ce qu&rsquo;ils jouent ici.<\/p>\n\n\n\n<h3 class=\"wp-block-heading\">Les personnages secondaires sont brillants et apportent beaucoup de joie et de lumi\u00e8re au film. Quel message vouliez-vous transmettre ?<\/h3>\n\n\n\n<p>Brendan Canty : Le th\u00e8me principal, c&rsquo;est la communaut\u00e9. Le pouvoir qu&rsquo;ont les amis ou la famille de se rassembler autour de quelqu&rsquo;un pour l&rsquo;aider \u00e0 traverser une \u00e9preuve. C&rsquo;est vraiment la force r\u00e9paratrice du collectif.<\/p>\n\n\n\n<h3 class=\"wp-block-heading\">Le film ne semble jamais porter de jugement sur &nbsp;ses personnages. \u00c9tait-ce important pour vous de maintenir cette empathie ?<\/h3>\n\n\n\n<p>Brendan Canty : \u00c9norm\u00e9ment. C&rsquo;est un film profond\u00e9ment empathique. Lors de l&rsquo;\u00e9criture, nous nous sommes battus pour avoir de l&#8217;empathie pour chaque personnage, m\u00eame les plus difficiles comme le cousin plus \u00e2g\u00e9. On voulait montrer que si les gens sont ce qu&rsquo;ils sont, c&rsquo;est souvent \u00e0 cause de traumatismes similaires. Faire ce film m&rsquo;a moi-m\u00eame appris \u00e0 \u00eatre plus empathique. Le fait de devenir p\u00e8re pendant le tournage (tout comme Alan, le sc\u00e9nariste) a aussi renforc\u00e9 ce sentiment.<\/p>\n\n\n\n<h3 class=\"wp-block-heading\">Quels sont vos projets maintenant ? Quel sera votre prochain film ?<\/h3>\n\n\n\n<p>Brendan Canty : Mon prochain film traitera justement de l&rsquo;exp\u00e9rience d&rsquo;un acteur non-professionnel. J&rsquo;ai cast\u00e9 beaucoup de jeunes et je me suis rendu compte que c&rsquo;est tr\u00e8s difficile d&rsquo;\u00eatre propuls\u00e9 dans la machine du cin\u00e9ma, de s&rsquo;entendre dire qu&rsquo;on est pr\u00eat pour Hollywood, puis d&rsquo;en \u00eatre \u00e9ject\u00e9. C&rsquo;est un sujet qui me passionne. Nous d\u00e9veloppons aussi une s\u00e9rie t\u00e9l\u00e9vis\u00e9e situ\u00e9e dans cet univers, avec le soutien de Netflix et de la BBC.<\/p>\n\n\n\n<h3 class=\"wp-block-heading\">Une question traditionnelle du festival : dans quelle mesure pensez-vous qu&rsquo;un film peut changer le monde ?<\/h3>\n\n\n\n<p>Brendan Canty : Je pense que les films ont un grand pouvoir d&rsquo;impact car, \u00e0 une \u00e9poque o\u00f9 le discours social est tr\u00e8s polaris\u00e9, le cin\u00e9ma permet de voir le point de vue de l&rsquo;autre. Si vous restez assis avec quelqu&rsquo;un pendant une heure et demie \u00e0 l&rsquo;\u00e9cran, cela permet de d\u00e9bloquer l&#8217;empathie, peu importe d&rsquo;o\u00f9 vous venez. C&rsquo;est plus efficace qu&rsquo;un d\u00e9bat politique qui est souvent agressif. Le cin\u00e9ma peut transformer les gens, les rendre plus doux.<\/p>\n\n\n\n<p>Pour prolonger la discussion, retrouvez notre interview avec Brendan Canty :  <\/p>\n\n\n\n<p><a href=\"https:\/\/youtu.be\/iprLLBrB4sA\">https:\/\/youtu.be\/iprLLBrB4sA<\/a><\/p>\n\n\n\n<p><\/p>\n","protected":false},"excerpt":{"rendered":"","protected":false},"author":1,"featured_media":957,"comment_status":"open","ping_status":"open","sticky":false,"template":"","format":"standard","meta":{"footnotes":""},"categories":[11,8,7],"tags":[12,35,32],"class_list":["post-926","post","type-post","status-publish","format-standard","has-post-thumbnail","hentry","category-interviews","category-interviews-ecrites","category-interviews-filmees","tag-cinema","tag-irlande","tag-social"],"yoast_head":"<!-- This site is optimized with the Yoast SEO plugin v26.5 - https:\/\/yoast.com\/wordpress\/plugins\/seo\/ -->\n<title>Brendan Canty filme l\u2019espoir au c\u0153ur des quartiers populaires<\/title>\n<meta name=\"description\" content=\"Interview de Brendan Canty sur Christy and His Brother, un film lumineux qui c\u00e9l\u00e8bre la solidarit\u00e9 et la force r\u00e9paratrice de la communaut\u00e9.\" \/>\n<meta name=\"robots\" content=\"index, follow, max-snippet:-1, max-image-preview:large, max-video-preview:-1\" \/>\n<link rel=\"canonical\" href=\"https:\/\/filmpolitique.fr\/?p=926\" \/>\n<meta property=\"og:locale\" content=\"fr_FR\" \/>\n<meta property=\"og:type\" content=\"article\" \/>\n<meta property=\"og:title\" content=\"Brendan Canty filme l\u2019espoir au c\u0153ur des quartiers populaires\" \/>\n<meta property=\"og:description\" content=\"Interview de Brendan Canty sur Christy and His Brother, un film lumineux qui c\u00e9l\u00e8bre la solidarit\u00e9 et la force r\u00e9paratrice de la communaut\u00e9.\" \/>\n<meta property=\"og:url\" content=\"https:\/\/filmpolitique.fr\/?p=926\" \/>\n<meta property=\"og:site_name\" content=\"filmpolitique.fr\" \/>\n<meta property=\"article:published_time\" content=\"2026-01-22T14:00:00+00:00\" \/>\n<meta property=\"og:image\" content=\"https:\/\/filmpolitique.fr\/wp-content\/uploads\/2026\/01\/christyunit-still033.jpg\" \/>\n\t<meta property=\"og:image:width\" content=\"2560\" \/>\n\t<meta property=\"og:image:height\" content=\"1707\" \/>\n\t<meta property=\"og:image:type\" content=\"image\/jpeg\" \/>\n<meta name=\"author\" content=\"cinebastideblog\" \/>\n<meta name=\"twitter:card\" content=\"summary_large_image\" \/>\n<meta name=\"twitter:label1\" content=\"\u00c9crit par\" \/>\n\t<meta name=\"twitter:data1\" content=\"cinebastideblog\" \/>\n\t<meta name=\"twitter:label2\" content=\"Dur\u00e9e de lecture estim\u00e9e\" \/>\n\t<meta name=\"twitter:data2\" content=\"7 minutes\" \/>\n<script type=\"application\/ld+json\" class=\"yoast-schema-graph\">{\"@context\":\"https:\/\/schema.org\",\"@graph\":[{\"@type\":\"Article\",\"@id\":\"https:\/\/filmpolitique.fr\/?p=926#article\",\"isPartOf\":{\"@id\":\"https:\/\/filmpolitique.fr\/?p=926\"},\"author\":{\"name\":\"cinebastideblog\",\"@id\":\"https:\/\/filmpolitique.fr\/#\/schema\/person\/f7f1eb2ac9ba87f0152547f2847a6c34\"},\"headline\":\"CHRISTY AND HIS BROTHER : Brendan Canty : \u00ab Le cin\u00e9ma peut r\u00e9parer en douceur ce que la soci\u00e9t\u00e9 fracture \u00bb\",\"datePublished\":\"2026-01-22T14:00:00+00:00\",\"mainEntityOfPage\":{\"@id\":\"https:\/\/filmpolitique.fr\/?p=926\"},\"wordCount\":1532,\"commentCount\":0,\"publisher\":{\"@id\":\"https:\/\/filmpolitique.fr\/#organization\"},\"image\":{\"@id\":\"https:\/\/filmpolitique.fr\/?p=926#primaryimage\"},\"thumbnailUrl\":\"https:\/\/filmpolitique.fr\/wp-content\/uploads\/2026\/01\/christyunit-still033.jpg\",\"keywords\":[\"cin\u00e9ma\",\"irlande\",\"social\"],\"articleSection\":[\"Interviews\",\"Interviews \u00e9crites\",\"Interviews film\u00e9es\"],\"inLanguage\":\"fr-FR\",\"potentialAction\":[{\"@type\":\"CommentAction\",\"name\":\"Comment\",\"target\":[\"https:\/\/filmpolitique.fr\/?p=926#respond\"]}]},{\"@type\":\"WebPage\",\"@id\":\"https:\/\/filmpolitique.fr\/?p=926\",\"url\":\"https:\/\/filmpolitique.fr\/?p=926\",\"name\":\"Brendan Canty filme l\u2019espoir au c\u0153ur des quartiers populaires\",\"isPartOf\":{\"@id\":\"https:\/\/filmpolitique.fr\/#website\"},\"primaryImageOfPage\":{\"@id\":\"https:\/\/filmpolitique.fr\/?p=926#primaryimage\"},\"image\":{\"@id\":\"https:\/\/filmpolitique.fr\/?p=926#primaryimage\"},\"thumbnailUrl\":\"https:\/\/filmpolitique.fr\/wp-content\/uploads\/2026\/01\/christyunit-still033.jpg\",\"datePublished\":\"2026-01-22T14:00:00+00:00\",\"description\":\"Interview de Brendan Canty sur Christy and His Brother, un film lumineux qui c\u00e9l\u00e8bre la solidarit\u00e9 et la force r\u00e9paratrice de la communaut\u00e9.\",\"breadcrumb\":{\"@id\":\"https:\/\/filmpolitique.fr\/?p=926#breadcrumb\"},\"inLanguage\":\"fr-FR\",\"potentialAction\":[{\"@type\":\"ReadAction\",\"target\":[\"https:\/\/filmpolitique.fr\/?p=926\"]}]},{\"@type\":\"ImageObject\",\"inLanguage\":\"fr-FR\",\"@id\":\"https:\/\/filmpolitique.fr\/?p=926#primaryimage\",\"url\":\"https:\/\/filmpolitique.fr\/wp-content\/uploads\/2026\/01\/christyunit-still033.jpg\",\"contentUrl\":\"https:\/\/filmpolitique.fr\/wp-content\/uploads\/2026\/01\/christyunit-still033.jpg\",\"width\":2560,\"height\":1707,\"caption\":\"WRAPPED\"},{\"@type\":\"BreadcrumbList\",\"@id\":\"https:\/\/filmpolitique.fr\/?p=926#breadcrumb\",\"itemListElement\":[{\"@type\":\"ListItem\",\"position\":1,\"name\":\"Home\",\"item\":\"https:\/\/filmpolitique.fr\/\"},{\"@type\":\"ListItem\",\"position\":2,\"name\":\"CHRISTY AND HIS BROTHER : Brendan Canty : \u00ab Le cin\u00e9ma peut r\u00e9parer en douceur ce que la soci\u00e9t\u00e9 fracture \u00bb\"}]},{\"@type\":\"WebSite\",\"@id\":\"https:\/\/filmpolitique.fr\/#website\",\"url\":\"https:\/\/filmpolitique.fr\/\",\"name\":\"filmpolitique.fr\",\"description\":\"Une plateforme propos\u00e9e par le Festival International du Film Politique de Carcassonne\",\"publisher\":{\"@id\":\"https:\/\/filmpolitique.fr\/#organization\"},\"potentialAction\":[{\"@type\":\"SearchAction\",\"target\":{\"@type\":\"EntryPoint\",\"urlTemplate\":\"https:\/\/filmpolitique.fr\/?s={search_term_string}\"},\"query-input\":{\"@type\":\"PropertyValueSpecification\",\"valueRequired\":true,\"valueName\":\"search_term_string\"}}],\"inLanguage\":\"fr-FR\"},{\"@type\":\"Organization\",\"@id\":\"https:\/\/filmpolitique.fr\/#organization\",\"name\":\"filmpolitique.fr\",\"url\":\"https:\/\/filmpolitique.fr\/\",\"logo\":{\"@type\":\"ImageObject\",\"inLanguage\":\"fr-FR\",\"@id\":\"https:\/\/filmpolitique.fr\/#\/schema\/logo\/image\/\",\"url\":\"https:\/\/filmpolitique.fr\/wp-content\/uploads\/2026\/01\/film-politique-.fr_.jpg.png\",\"contentUrl\":\"https:\/\/filmpolitique.fr\/wp-content\/uploads\/2026\/01\/film-politique-.fr_.jpg.png\",\"width\":1080,\"height\":1080,\"caption\":\"filmpolitique.fr\"},\"image\":{\"@id\":\"https:\/\/filmpolitique.fr\/#\/schema\/logo\/image\/\"}},{\"@type\":\"Person\",\"@id\":\"https:\/\/filmpolitique.fr\/#\/schema\/person\/f7f1eb2ac9ba87f0152547f2847a6c34\",\"name\":\"cinebastideblog\",\"image\":{\"@type\":\"ImageObject\",\"inLanguage\":\"fr-FR\",\"@id\":\"https:\/\/filmpolitique.fr\/#\/schema\/person\/image\/\",\"url\":\"https:\/\/secure.gravatar.com\/avatar\/71227138e4ddfa2dbc7dcb131573dc077cdf7b3a51a8aacb71d82aecf1cceea7?s=96&d=mm&r=g\",\"contentUrl\":\"https:\/\/secure.gravatar.com\/avatar\/71227138e4ddfa2dbc7dcb131573dc077cdf7b3a51a8aacb71d82aecf1cceea7?s=96&d=mm&r=g\",\"caption\":\"cinebastideblog\"},\"sameAs\":[\"https:\/\/filmpolitique.org\"],\"url\":\"https:\/\/filmpolitique.fr\/?author=1\"}]}<\/script>\n<!-- \/ Yoast SEO plugin. -->","yoast_head_json":{"title":"Brendan Canty filme l\u2019espoir au c\u0153ur des quartiers populaires","description":"Interview de Brendan Canty sur Christy and His Brother, un film lumineux qui c\u00e9l\u00e8bre la solidarit\u00e9 et la force r\u00e9paratrice de la communaut\u00e9.","robots":{"index":"index","follow":"follow","max-snippet":"max-snippet:-1","max-image-preview":"max-image-preview:large","max-video-preview":"max-video-preview:-1"},"canonical":"https:\/\/filmpolitique.fr\/?p=926","og_locale":"fr_FR","og_type":"article","og_title":"Brendan Canty filme l\u2019espoir au c\u0153ur des quartiers populaires","og_description":"Interview de Brendan Canty sur Christy and His Brother, un film lumineux qui c\u00e9l\u00e8bre la solidarit\u00e9 et la force r\u00e9paratrice de la communaut\u00e9.","og_url":"https:\/\/filmpolitique.fr\/?p=926","og_site_name":"filmpolitique.fr","article_published_time":"2026-01-22T14:00:00+00:00","og_image":[{"width":2560,"height":1707,"url":"https:\/\/filmpolitique.fr\/wp-content\/uploads\/2026\/01\/christyunit-still033.jpg","type":"image\/jpeg"}],"author":"cinebastideblog","twitter_card":"summary_large_image","twitter_misc":{"\u00c9crit par":"cinebastideblog","Dur\u00e9e de lecture estim\u00e9e":"7 minutes"},"schema":{"@context":"https:\/\/schema.org","@graph":[{"@type":"Article","@id":"https:\/\/filmpolitique.fr\/?p=926#article","isPartOf":{"@id":"https:\/\/filmpolitique.fr\/?p=926"},"author":{"name":"cinebastideblog","@id":"https:\/\/filmpolitique.fr\/#\/schema\/person\/f7f1eb2ac9ba87f0152547f2847a6c34"},"headline":"CHRISTY AND HIS BROTHER : Brendan Canty : \u00ab Le cin\u00e9ma peut r\u00e9parer en douceur ce que la soci\u00e9t\u00e9 fracture \u00bb","datePublished":"2026-01-22T14:00:00+00:00","mainEntityOfPage":{"@id":"https:\/\/filmpolitique.fr\/?p=926"},"wordCount":1532,"commentCount":0,"publisher":{"@id":"https:\/\/filmpolitique.fr\/#organization"},"image":{"@id":"https:\/\/filmpolitique.fr\/?p=926#primaryimage"},"thumbnailUrl":"https:\/\/filmpolitique.fr\/wp-content\/uploads\/2026\/01\/christyunit-still033.jpg","keywords":["cin\u00e9ma","irlande","social"],"articleSection":["Interviews","Interviews \u00e9crites","Interviews film\u00e9es"],"inLanguage":"fr-FR","potentialAction":[{"@type":"CommentAction","name":"Comment","target":["https:\/\/filmpolitique.fr\/?p=926#respond"]}]},{"@type":"WebPage","@id":"https:\/\/filmpolitique.fr\/?p=926","url":"https:\/\/filmpolitique.fr\/?p=926","name":"Brendan Canty filme l\u2019espoir au c\u0153ur des quartiers populaires","isPartOf":{"@id":"https:\/\/filmpolitique.fr\/#website"},"primaryImageOfPage":{"@id":"https:\/\/filmpolitique.fr\/?p=926#primaryimage"},"image":{"@id":"https:\/\/filmpolitique.fr\/?p=926#primaryimage"},"thumbnailUrl":"https:\/\/filmpolitique.fr\/wp-content\/uploads\/2026\/01\/christyunit-still033.jpg","datePublished":"2026-01-22T14:00:00+00:00","description":"Interview de Brendan Canty sur Christy and His Brother, un film lumineux qui c\u00e9l\u00e8bre la solidarit\u00e9 et la force r\u00e9paratrice de la communaut\u00e9.","breadcrumb":{"@id":"https:\/\/filmpolitique.fr\/?p=926#breadcrumb"},"inLanguage":"fr-FR","potentialAction":[{"@type":"ReadAction","target":["https:\/\/filmpolitique.fr\/?p=926"]}]},{"@type":"ImageObject","inLanguage":"fr-FR","@id":"https:\/\/filmpolitique.fr\/?p=926#primaryimage","url":"https:\/\/filmpolitique.fr\/wp-content\/uploads\/2026\/01\/christyunit-still033.jpg","contentUrl":"https:\/\/filmpolitique.fr\/wp-content\/uploads\/2026\/01\/christyunit-still033.jpg","width":2560,"height":1707,"caption":"WRAPPED"},{"@type":"BreadcrumbList","@id":"https:\/\/filmpolitique.fr\/?p=926#breadcrumb","itemListElement":[{"@type":"ListItem","position":1,"name":"Home","item":"https:\/\/filmpolitique.fr\/"},{"@type":"ListItem","position":2,"name":"CHRISTY AND HIS BROTHER : Brendan Canty : \u00ab Le cin\u00e9ma peut r\u00e9parer en douceur ce que la soci\u00e9t\u00e9 fracture \u00bb"}]},{"@type":"WebSite","@id":"https:\/\/filmpolitique.fr\/#website","url":"https:\/\/filmpolitique.fr\/","name":"filmpolitique.fr","description":"Une plateforme propos\u00e9e par le Festival International du Film Politique de Carcassonne","publisher":{"@id":"https:\/\/filmpolitique.fr\/#organization"},"potentialAction":[{"@type":"SearchAction","target":{"@type":"EntryPoint","urlTemplate":"https:\/\/filmpolitique.fr\/?s={search_term_string}"},"query-input":{"@type":"PropertyValueSpecification","valueRequired":true,"valueName":"search_term_string"}}],"inLanguage":"fr-FR"},{"@type":"Organization","@id":"https:\/\/filmpolitique.fr\/#organization","name":"filmpolitique.fr","url":"https:\/\/filmpolitique.fr\/","logo":{"@type":"ImageObject","inLanguage":"fr-FR","@id":"https:\/\/filmpolitique.fr\/#\/schema\/logo\/image\/","url":"https:\/\/filmpolitique.fr\/wp-content\/uploads\/2026\/01\/film-politique-.fr_.jpg.png","contentUrl":"https:\/\/filmpolitique.fr\/wp-content\/uploads\/2026\/01\/film-politique-.fr_.jpg.png","width":1080,"height":1080,"caption":"filmpolitique.fr"},"image":{"@id":"https:\/\/filmpolitique.fr\/#\/schema\/logo\/image\/"}},{"@type":"Person","@id":"https:\/\/filmpolitique.fr\/#\/schema\/person\/f7f1eb2ac9ba87f0152547f2847a6c34","name":"cinebastideblog","image":{"@type":"ImageObject","inLanguage":"fr-FR","@id":"https:\/\/filmpolitique.fr\/#\/schema\/person\/image\/","url":"https:\/\/secure.gravatar.com\/avatar\/71227138e4ddfa2dbc7dcb131573dc077cdf7b3a51a8aacb71d82aecf1cceea7?s=96&d=mm&r=g","contentUrl":"https:\/\/secure.gravatar.com\/avatar\/71227138e4ddfa2dbc7dcb131573dc077cdf7b3a51a8aacb71d82aecf1cceea7?s=96&d=mm&r=g","caption":"cinebastideblog"},"sameAs":["https:\/\/filmpolitique.org"],"url":"https:\/\/filmpolitique.fr\/?author=1"}]}},"_links":{"self":[{"href":"https:\/\/filmpolitique.fr\/index.php?rest_route=\/wp\/v2\/posts\/926","targetHints":{"allow":["GET"]}}],"collection":[{"href":"https:\/\/filmpolitique.fr\/index.php?rest_route=\/wp\/v2\/posts"}],"about":[{"href":"https:\/\/filmpolitique.fr\/index.php?rest_route=\/wp\/v2\/types\/post"}],"author":[{"embeddable":true,"href":"https:\/\/filmpolitique.fr\/index.php?rest_route=\/wp\/v2\/users\/1"}],"replies":[{"embeddable":true,"href":"https:\/\/filmpolitique.fr\/index.php?rest_route=%2Fwp%2Fv2%2Fcomments&post=926"}],"version-history":[{"count":6,"href":"https:\/\/filmpolitique.fr\/index.php?rest_route=\/wp\/v2\/posts\/926\/revisions"}],"predecessor-version":[{"id":1003,"href":"https:\/\/filmpolitique.fr\/index.php?rest_route=\/wp\/v2\/posts\/926\/revisions\/1003"}],"wp:featuredmedia":[{"embeddable":true,"href":"https:\/\/filmpolitique.fr\/index.php?rest_route=\/wp\/v2\/media\/957"}],"wp:attachment":[{"href":"https:\/\/filmpolitique.fr\/index.php?rest_route=%2Fwp%2Fv2%2Fmedia&parent=926"}],"wp:term":[{"taxonomy":"category","embeddable":true,"href":"https:\/\/filmpolitique.fr\/index.php?rest_route=%2Fwp%2Fv2%2Fcategories&post=926"},{"taxonomy":"post_tag","embeddable":true,"href":"https:\/\/filmpolitique.fr\/index.php?rest_route=%2Fwp%2Fv2%2Ftags&post=926"}],"curies":[{"name":"wp","href":"https:\/\/api.w.org\/{rel}","templated":true}]}}