{"id":974,"date":"2026-03-22T12:00:00","date_gmt":"2026-03-22T11:00:00","guid":{"rendered":"https:\/\/filmpolitique.fr\/?p=974"},"modified":"2026-01-22T16:19:58","modified_gmt":"2026-01-22T15:19:58","slug":"francois-delisle-le-temps-climatique","status":"publish","type":"post","link":"https:\/\/filmpolitique.fr\/?p=974","title":{"rendered":"LE TEMPS de Fran\u00e7ois Delisle : filmer le bouleversement climatique en images fixes"},"content":{"rendered":"\n<!--more-->\n\n\n\n<h3 class=\"wp-block-heading\"><strong>La premi\u00e8re question que l\u2019on a envie de poser sur <em>Le temps<\/em>, c\u2019est celle de\u00a0 ce choix radical d\u2019un film en images fixes. Pari os\u00e9, et pari tr\u00e8s r\u00e9ussi.\u00a0 Comment et pourquoi prend-on la d\u00e9cision de cette forme artistique ?\u00a0<\/strong><\/h3>\n\n\n\n<p>Le choix de la photographie s\u2019est impos\u00e9 pour plusieurs raisons : intellectuelles,&nbsp; formelles, pratiques, mais aussi li\u00e9es \u00e0 mes r\u00e9f\u00e9rences. Le fait de voir une image&nbsp; fixe d\u00e9filer sous nos yeux nous laisse le temps de la d\u00e9coder, de l\u2019assimiler, puis&nbsp; d\u2019en faire, en quelque sorte, le deuil une fois qu\u2019elle dispara\u00eet. Contrairement \u00e0 un&nbsp; film en images mouvement, cette immobilit\u00e9 nous rend plus sensibles au temps&nbsp; qui passe, et au rapport que nous entretenons avec l\u2019espace, les lieux.&nbsp;<\/p>\n\n\n\n<p>Par ailleurs, j\u2019avais d\u00e9j\u00e0 exp\u00e9riment\u00e9 cette forme dans un court documentaire sur&nbsp; la fin de vie de ma m\u00e8re. Cela m\u2019a pouss\u00e9 vers la photo pour <em>Le temps<\/em>, car j\u2019avais&nbsp; constat\u00e9 que les spectateurs s&rsquo;attardent peu \u00e0 la forme : ils \u00e9taient avant tout&nbsp; touch\u00e9s par le film, l\u2019\u00e9motion prenant toute la place. J\u2019ai remarqu\u00e9 la m\u00eame chose&nbsp; ici : plusieurs m\u2019ont dit qu\u2019apr\u00e8s quelques minutes, on oubliait le dispositif, et qu\u2019on&nbsp; croyait m\u00eame voir les images bouger tant ils \u00e9taient pris par l\u2019histoire.&nbsp;<\/p>\n\n\n\n<p><em>La Jet\u00e9e<\/em>, de Chris Marker, a aussi \u00e9t\u00e9 une r\u00e9f\u00e9rence importante. Ce film m\u2019a ouvert&nbsp; la voie et m\u2019a, en quelque sorte, encourag\u00e9 \u00e0 pousser l\u2019exercice plus loin dans un&nbsp; long m\u00e9trage. Enfin, la photographie \u2014 gr\u00e2ce \u00e0 la l\u00e9g\u00e8ret\u00e9 de son dispositif&nbsp; technique \u2014 m\u2019a permis d\u2019aller au bout de mes ambitions. Le m\u00eame film, tourn\u00e9&nbsp; de mani\u00e8re plus conventionnelle, aurait co\u00fbt\u00e9 dix fois plus cher.&nbsp;<\/p>\n\n\n\n<h3 class=\"wp-block-heading\"><strong>Ce que l\u2019on se demande aussi, c\u2019est comment concr\u00e8tement se d\u00e9roule le\u00a0 tournage d\u2019un film en images fixes. Filmez-vous en continu, en succession\u00a0 de tableaux ? Et comment arriver \u00e0 donner malgr\u00e9 tout cette sensation de\u00a0 mouvement ?\u00a0<\/strong><\/h3>\n\n\n\n<p>\u00c0 mon grand \u00e9tonnement, lorsque je tournais \u00bb le film avec l\u2019\u00e9quipe et les&nbsp; acteurs, j\u2019avais l\u2019impression de tourner un film \u00ab normal \u00bb. Mon rapport avec les&nbsp; acteurs n\u2019avait pas chang\u00e9 : l\u2019exigence \u00e9tait la m\u00eame pour tout le monde, et les&nbsp; journ\u00e9es \u00e9taient tout aussi charg\u00e9es. \u00c9videmment, beaucoup d\u2019images ont aussi&nbsp; \u00e9t\u00e9 capt\u00e9es en dehors de ce cadre, ce qui m\u2019a laiss\u00e9 du temps pour chercher une plus grande libert\u00e9.&nbsp;<\/p>\n\n\n\n<p>Le m\u00e9dium photographique me permettait d\u2019aborder la prise d\u2019image sous&nbsp; diff\u00e9rents angles : photojournalisme, documentaire, mise en sc\u00e8ne, artistique.&nbsp; Chaque s\u00e9quence imposait sa propre mani\u00e8re. Je pouvais lancer une action avec&nbsp;<\/p>\n\n\n\n<p>les acteurs, puis les suivre en prenant des photos dans le mouvement. Parfois, au&nbsp; contraire, tout devenait plus statique.&nbsp;<\/p>\n\n\n\n<h3 class=\"wp-block-heading\"><strong>Pour embarquer le spectateur dans cette narration, la bande-son est\u00a0 primordiale. Comment l\u2019avez-vous con\u00e7ue <\/strong>?<\/h3>\n\n\n\n<p>Pour donner de la profondeur \u00e0 l\u2019environnement propos\u00e9 par le film, la conception&nbsp; sonore a constitu\u00e9 une \u00e9tape cruciale. Il n\u2019y avait pas de prise de son directe&nbsp; pendant le tournage : tout s\u2019est construit \u00e0 partir de rien en postproduction.&nbsp;<\/p>\n\n\n\n<p>Simon Gervais et Ariel Harrod (concepteurs sonores) ont \u00e9labor\u00e9 une trame faite&nbsp; de silences \u2014 lors de quelques pauses \u2014 mais aussi de chaos, de chocs, de cris&nbsp; et de souffrance. Une mati\u00e8re sonore qui s\u2019exprime tant\u00f4t de fa\u00e7on sourde, comme&nbsp; sur le point d\u2019exploser, tant\u00f4t de mani\u00e8re tr\u00e8s dynamique. En somme, le son du&nbsp; film se d\u00e9ploie comme un paysage : un <em>soundscape<\/em>, comme on dit en anglais.&nbsp;<\/p>\n\n\n\n<p>La musique devait, par cons\u00e9quent, suivre cette voie. Vu la gravit\u00e9 du sujet, Robert&nbsp; Marcel Lepage (compositeur) et moi nous disions qu\u2019il fallait qu\u2019elle soit une sorte&nbsp; de main tendue : un th\u00e8me qui vienne consoler le spectateur. Je voulais que&nbsp; l\u2019image et le son se construisent autour d\u2019une tension formelle, entre l\u2019\u00e9nergie&nbsp; vitale de l\u2019imagerie et la m\u00e9lancolie des monologues, entre le calme et la temp\u00eate,&nbsp; entre la vie et la mort.&nbsp;<\/p>\n\n\n\n<p>J\u2019aime quand la musique et la conception sonore au cin\u00e9ma r\u00e9sistent aux images.&nbsp; Je pense qu\u2019il faut \u00ab \u00e9couter \u00bb les images au-del\u00e0 de leur simple repr\u00e9sentation&nbsp; pour composer, avec justesse, un paysage sonore \u00e0 la fois pr\u00e9cis et percutant.&nbsp;<\/p>\n\n\n\n<h3 class=\"wp-block-heading\"><strong>Sur le fond, la sc\u00e8ne introductive (la seule en images anim\u00e9es du reste), est\u00a0 une archive t\u00e9l\u00e9visuelle datant de 1979. Une archive presque hallucinante\u00a0 tant elle est pr\u00e9monitoire. Racontez-nous son histoire.\u00a0\u00a0<\/strong><\/h3>\n\n\n\n<p>Je trouvais important d\u2019inscrire le r\u00e9cit dans une perspective plus large : celle du\u00a0 temps. Revenir sur l\u2019h\u00e9ritage du Club de Rome et sur le rapport Meadows place\u00a0 ce qui va suivre du c\u00f4t\u00e9 du r\u00e9el, bien plus que du c\u00f4t\u00e9 de la fiction. J\u2019ai d\u2019abord\u00a0 tent\u00e9 de trouver un extrait o\u00f9 l\u2019on verrait Aurelio Peccei (le fondateur du Club de\u00a0 Rome), mais Peccei s\u2019exprimait de mani\u00e8re tr\u00e8s \u00ab fleurie \u00bb et peu concise. Maurice Guernier m\u2019a alors sembl\u00e9 beaucoup plus direct dans son avertissement.\u00a0<\/p>\n\n\n\n<h3 class=\"wp-block-heading\"><strong>Marie, Terence, McKenzie et Kira. Quatre personnages, quatre destins diff\u00e9rents, quatre \u00e9poques et une m\u00eame toile de fond : le bouleversement\u00a0 climatique. Comment avez-vous cr\u00e9\u00e9 et imagin\u00e9 ces personnages ?\u00a0<\/strong><\/h3>\n\n\n\n<p>Je n\u2019ai jamais pens\u00e9 Marie, Terence, McKenzie et Kira comme quatre \u00ab portraits \u00bb s\u00e9par\u00e9s, mais comme un m\u00eame mouvement, d\u00e9clin\u00e9 en quatre corps et quatre&nbsp;<\/p>\n\n\n\n<p>temps. Chacun traverse un \u00e9tat face au bouleversement climatique : de la&nbsp; sid\u00e9ration \u00e0 l\u2019action, de la peur \u00e0 la prise en charge \u2014 parfois jusqu\u2019\u00e0 la&nbsp; d\u00e9sob\u00e9issance, quand la survie l\u2019exige.&nbsp;<\/p>\n\n\n\n<h3 class=\"wp-block-heading\"><strong>Bien que de plus en plus \u00e9loign\u00e9s de nous dans le futur, les quatre\u00a0 personnages semblent chacun refl\u00e9ter une part de ce que nous sommes,\u00a0 humains du d\u00e9but du XXIe si\u00e8cle. Qu\u2019avez-vous voulu exprimer par-l\u00e0 ?\u00a0<\/strong><\/h3>\n\n\n\n<p>Marie reste le centre affectif du film : c\u2019est par elle que le spectateur entre, et c\u2019est&nbsp; \u00e0 partir d\u2019elle que le futur se d\u00e9ploie. Les personnages du temps \u00e0 venir ne sont&nbsp; pas tant des figures de science-fiction que la projection de ses angoisses les plus&nbsp; concr\u00e8tes. Car, au fond, ce \u00ab futur \u00bb n\u2019invente rien de neuf. Il montre ailleurs \u2014&nbsp;<\/p>\n\n\n\n<p>dans l\u2019espace et dans l\u2019intensit\u00e9 \u2014 ce qui existe d\u00e9j\u00e0 aujourd\u2019hui sous d\u2019autres&nbsp; latitudes : la guerre, l\u2019exode, l\u2019effondrement des infrastructures, les catastrophes.&nbsp; Le futur n\u2019est pas une rupture; c\u2019est un pr\u00e9sent qui a pris de vitesse.&nbsp;<\/p>\n\n\n\n<h3 class=\"wp-block-heading\"><strong><em>Le temps <\/em>est projet\u00e9 au Festival du film politique. En quoi le travail sur le\u00a0 temps permet-il d\u2019ouvrir une r\u00e9flexion qui d\u00e9passe le r\u00e9cit individuel ?\u00a0<\/strong><\/h3>\n\n\n\n<p>Mes sc\u00e9narios posent des questions. Mes films tentent d\u2019y r\u00e9pondre. Je cherche&nbsp; des r\u00e9ponses, une v\u00e9rit\u00e9, ma v\u00e9rit\u00e9, malgr\u00e9 les doutes qui m\u2019assaillent. Et, depuis&nbsp; mes premiers films, je m\u2019obstine \u00e0 mener cette d\u00e9marche jusqu\u2019au bout, sans&nbsp; concession.&nbsp;<\/p>\n\n\n\n<p>Voir la Terre depuis l\u2019espace, c\u2019est, \u00e0 mes yeux, l\u2019un des points de bascule de la&nbsp; pens\u00e9e \u00e9cologique. Et se voir d\u2019un autre point de vue, c\u2019est aussi le d\u00e9but de&nbsp; l\u2019\u00e9thique, donc, de la politique. C\u2019est le point de d\u00e9part de ce film, et de ma r\u00e9flexion&nbsp; sur un th\u00e8me auquel je me frotte depuis plusieurs ann\u00e9es. Mettre le temps au&nbsp; centre de la d\u00e9marche s\u2019est donc impos\u00e9 naturellement. C\u2019est face au temps que&nbsp; nos valeurs vacillent, qu\u2019elles sont mises \u00e0 l\u2019\u00e9preuve. Car imaginer une fin de notre&nbsp; temps, c\u2019est aussi une mani\u00e8re d\u2019envisager, et de penser, un destin commun. Rien&nbsp; que \u00e7a\u2026&nbsp;<\/p>\n\n\n\n<h3 class=\"wp-block-heading\"><strong>En coh\u00e9rence avec les engagements port\u00e9s par le film, vous avez choisi un\u00a0 tournage \u00e9co-responsable. Compar\u00e9 \u00e0 un tournage plus conventionnel,\u00a0 quels en ont \u00e9t\u00e9 selon vous les principaux avantages, mais aussi les\u00a0 difficult\u00e9s concr\u00e8tes \u00e0 surmonter dans l\u2019organisation et la production ?<\/strong><\/h3>\n\n\n\n<p>Honn\u00eatement, pour moi, la question des avantages ou des d\u00e9savantages ne se&nbsp; pose plus. C\u2019est la seule fa\u00e7on de faire. Et j\u2019essaie d\u2019appliquer cette exigence \u00e0&nbsp; tous les aspects de ma vie.&nbsp;<\/p>\n\n\n\n<p>Le cin\u00e9ma est n\u00e9 de l\u2019industrialisation : on porte donc une contradiction \u00e0 l\u2019int\u00e9rieur&nbsp; m\u00eame du m\u00e9dium. Mais je crois qu\u2019il est possible de produire des films en polluant moins, et surtout en proposant une autre mani\u00e8re de faire, donc une autre mani\u00e8re&nbsp; de vivre.&nbsp;&nbsp;<\/p>\n\n\n\n<h3 class=\"wp-block-heading\"><strong>Et enfin, la question que nous posons \u00e0 tous les invit\u00e9s du Festival\u00a0 international du film politique de Carcassonne : selon vous, en quoi le\u00a0 cin\u00e9ma peut-il contribuer \u00e0 changer le monde ?\u00a0<\/strong><\/h3>\n\n\n\n<p>Le cin\u00e9ma est un outil de propagande incroyable. Il s\u2019agit donc de continuer \u00e0 le\u00a0 pervertir, pour fabriquer du temps de pens\u00e9e. Dans un flux qui nous anesth\u00e9sie, il\u00a0 peut ralentir, complexifier, redonner de la nuance, r\u00e9veiller une conscience. Il\u00a0 n\u2019impose pas une solution : il pose une question de mani\u00e8re sensible. Et quand\u00a0 une question devient impossible \u00e0 oublier, elle finit par produire du mouvement;\u00a0 chez les individus, puis dans le collectif.<\/p>\n\n\n\n<p><\/p>\n","protected":false},"excerpt":{"rendered":"","protected":false},"author":1,"featured_media":975,"comment_status":"open","ping_status":"open","sticky":false,"template":"","format":"standard","meta":{"footnotes":""},"categories":[8],"tags":[],"class_list":["post-974","post","type-post","status-publish","format-standard","has-post-thumbnail","hentry","category-interviews-ecrites"],"yoast_head":"<!-- This site is optimized with the Yoast SEO plugin v26.5 - https:\/\/yoast.com\/wordpress\/plugins\/seo\/ -->\n<title>Fran\u00e7ois Delisle filme le bouleversement climatique en images fixes<\/title>\n<meta name=\"description\" content=\"Fran\u00e7ois Delisle revient sur Le temps, film en images fixes sur le bouleversement climatique, m\u00ealant cin\u00e9ma engag\u00e9 et \u00e9cologie.\" \/>\n<meta name=\"robots\" content=\"index, follow, max-snippet:-1, max-image-preview:large, max-video-preview:-1\" \/>\n<link rel=\"canonical\" href=\"https:\/\/filmpolitique.fr\/?p=974\" \/>\n<meta property=\"og:locale\" content=\"fr_FR\" \/>\n<meta property=\"og:type\" content=\"article\" \/>\n<meta property=\"og:title\" content=\"Fran\u00e7ois Delisle filme le bouleversement climatique en images fixes\" \/>\n<meta property=\"og:description\" content=\"Fran\u00e7ois Delisle revient sur Le temps, film en images fixes sur le bouleversement climatique, m\u00ealant cin\u00e9ma engag\u00e9 et \u00e9cologie.\" \/>\n<meta property=\"og:url\" content=\"https:\/\/filmpolitique.fr\/?p=974\" \/>\n<meta property=\"og:site_name\" content=\"filmpolitique.fr\" \/>\n<meta property=\"article:published_time\" content=\"2026-03-22T11:00:00+00:00\" \/>\n<meta property=\"og:image\" content=\"https:\/\/filmpolitique.fr\/wp-content\/uploads\/2026\/01\/images.jpeg\" \/>\n\t<meta property=\"og:image:width\" content=\"310\" \/>\n\t<meta property=\"og:image:height\" content=\"163\" \/>\n\t<meta property=\"og:image:type\" content=\"image\/jpeg\" \/>\n<meta name=\"author\" content=\"cinebastideblog\" \/>\n<meta name=\"twitter:card\" content=\"summary_large_image\" \/>\n<meta name=\"twitter:label1\" content=\"\u00c9crit par\" \/>\n\t<meta name=\"twitter:data1\" content=\"cinebastideblog\" \/>\n\t<meta name=\"twitter:label2\" content=\"Dur\u00e9e de lecture estim\u00e9e\" \/>\n\t<meta name=\"twitter:data2\" content=\"8 minutes\" \/>\n<script type=\"application\/ld+json\" class=\"yoast-schema-graph\">{\"@context\":\"https:\/\/schema.org\",\"@graph\":[{\"@type\":\"Article\",\"@id\":\"https:\/\/filmpolitique.fr\/?p=974#article\",\"isPartOf\":{\"@id\":\"https:\/\/filmpolitique.fr\/?p=974\"},\"author\":{\"name\":\"cinebastideblog\",\"@id\":\"https:\/\/filmpolitique.fr\/#\/schema\/person\/f7f1eb2ac9ba87f0152547f2847a6c34\"},\"headline\":\"LE TEMPS de Fran\u00e7ois Delisle : filmer le bouleversement climatique en images fixes\",\"datePublished\":\"2026-03-22T11:00:00+00:00\",\"mainEntityOfPage\":{\"@id\":\"https:\/\/filmpolitique.fr\/?p=974\"},\"wordCount\":1639,\"commentCount\":0,\"publisher\":{\"@id\":\"https:\/\/filmpolitique.fr\/#organization\"},\"image\":{\"@id\":\"https:\/\/filmpolitique.fr\/?p=974#primaryimage\"},\"thumbnailUrl\":\"https:\/\/filmpolitique.fr\/wp-content\/uploads\/2026\/01\/images.jpeg\",\"articleSection\":[\"Interviews \u00e9crites\"],\"inLanguage\":\"fr-FR\",\"potentialAction\":[{\"@type\":\"CommentAction\",\"name\":\"Comment\",\"target\":[\"https:\/\/filmpolitique.fr\/?p=974#respond\"]}]},{\"@type\":\"WebPage\",\"@id\":\"https:\/\/filmpolitique.fr\/?p=974\",\"url\":\"https:\/\/filmpolitique.fr\/?p=974\",\"name\":\"Fran\u00e7ois Delisle filme le bouleversement climatique en images fixes\",\"isPartOf\":{\"@id\":\"https:\/\/filmpolitique.fr\/#website\"},\"primaryImageOfPage\":{\"@id\":\"https:\/\/filmpolitique.fr\/?p=974#primaryimage\"},\"image\":{\"@id\":\"https:\/\/filmpolitique.fr\/?p=974#primaryimage\"},\"thumbnailUrl\":\"https:\/\/filmpolitique.fr\/wp-content\/uploads\/2026\/01\/images.jpeg\",\"datePublished\":\"2026-03-22T11:00:00+00:00\",\"description\":\"Fran\u00e7ois Delisle revient sur Le temps, film en images fixes sur le bouleversement climatique, m\u00ealant cin\u00e9ma engag\u00e9 et \u00e9cologie.\",\"breadcrumb\":{\"@id\":\"https:\/\/filmpolitique.fr\/?p=974#breadcrumb\"},\"inLanguage\":\"fr-FR\",\"potentialAction\":[{\"@type\":\"ReadAction\",\"target\":[\"https:\/\/filmpolitique.fr\/?p=974\"]}]},{\"@type\":\"ImageObject\",\"inLanguage\":\"fr-FR\",\"@id\":\"https:\/\/filmpolitique.fr\/?p=974#primaryimage\",\"url\":\"https:\/\/filmpolitique.fr\/wp-content\/uploads\/2026\/01\/images.jpeg\",\"contentUrl\":\"https:\/\/filmpolitique.fr\/wp-content\/uploads\/2026\/01\/images.jpeg\",\"width\":310,\"height\":163},{\"@type\":\"BreadcrumbList\",\"@id\":\"https:\/\/filmpolitique.fr\/?p=974#breadcrumb\",\"itemListElement\":[{\"@type\":\"ListItem\",\"position\":1,\"name\":\"Home\",\"item\":\"https:\/\/filmpolitique.fr\/\"},{\"@type\":\"ListItem\",\"position\":2,\"name\":\"LE TEMPS de Fran\u00e7ois Delisle : filmer le bouleversement climatique en images fixes\"}]},{\"@type\":\"WebSite\",\"@id\":\"https:\/\/filmpolitique.fr\/#website\",\"url\":\"https:\/\/filmpolitique.fr\/\",\"name\":\"filmpolitique.fr\",\"description\":\"Une plateforme propos\u00e9e par le Festival International du Film Politique de Carcassonne\",\"publisher\":{\"@id\":\"https:\/\/filmpolitique.fr\/#organization\"},\"potentialAction\":[{\"@type\":\"SearchAction\",\"target\":{\"@type\":\"EntryPoint\",\"urlTemplate\":\"https:\/\/filmpolitique.fr\/?s={search_term_string}\"},\"query-input\":{\"@type\":\"PropertyValueSpecification\",\"valueRequired\":true,\"valueName\":\"search_term_string\"}}],\"inLanguage\":\"fr-FR\"},{\"@type\":\"Organization\",\"@id\":\"https:\/\/filmpolitique.fr\/#organization\",\"name\":\"filmpolitique.fr\",\"url\":\"https:\/\/filmpolitique.fr\/\",\"logo\":{\"@type\":\"ImageObject\",\"inLanguage\":\"fr-FR\",\"@id\":\"https:\/\/filmpolitique.fr\/#\/schema\/logo\/image\/\",\"url\":\"https:\/\/filmpolitique.fr\/wp-content\/uploads\/2026\/01\/film-politique-.fr_.jpg.png\",\"contentUrl\":\"https:\/\/filmpolitique.fr\/wp-content\/uploads\/2026\/01\/film-politique-.fr_.jpg.png\",\"width\":1080,\"height\":1080,\"caption\":\"filmpolitique.fr\"},\"image\":{\"@id\":\"https:\/\/filmpolitique.fr\/#\/schema\/logo\/image\/\"}},{\"@type\":\"Person\",\"@id\":\"https:\/\/filmpolitique.fr\/#\/schema\/person\/f7f1eb2ac9ba87f0152547f2847a6c34\",\"name\":\"cinebastideblog\",\"image\":{\"@type\":\"ImageObject\",\"inLanguage\":\"fr-FR\",\"@id\":\"https:\/\/filmpolitique.fr\/#\/schema\/person\/image\/\",\"url\":\"https:\/\/secure.gravatar.com\/avatar\/71227138e4ddfa2dbc7dcb131573dc077cdf7b3a51a8aacb71d82aecf1cceea7?s=96&d=mm&r=g\",\"contentUrl\":\"https:\/\/secure.gravatar.com\/avatar\/71227138e4ddfa2dbc7dcb131573dc077cdf7b3a51a8aacb71d82aecf1cceea7?s=96&d=mm&r=g\",\"caption\":\"cinebastideblog\"},\"sameAs\":[\"https:\/\/filmpolitique.org\"],\"url\":\"https:\/\/filmpolitique.fr\/?author=1\"}]}<\/script>\n<!-- \/ Yoast SEO plugin. -->","yoast_head_json":{"title":"Fran\u00e7ois Delisle filme le bouleversement climatique en images fixes","description":"Fran\u00e7ois Delisle revient sur Le temps, film en images fixes sur le bouleversement climatique, m\u00ealant cin\u00e9ma engag\u00e9 et \u00e9cologie.","robots":{"index":"index","follow":"follow","max-snippet":"max-snippet:-1","max-image-preview":"max-image-preview:large","max-video-preview":"max-video-preview:-1"},"canonical":"https:\/\/filmpolitique.fr\/?p=974","og_locale":"fr_FR","og_type":"article","og_title":"Fran\u00e7ois Delisle filme le bouleversement climatique en images fixes","og_description":"Fran\u00e7ois Delisle revient sur Le temps, film en images fixes sur le bouleversement climatique, m\u00ealant cin\u00e9ma engag\u00e9 et \u00e9cologie.","og_url":"https:\/\/filmpolitique.fr\/?p=974","og_site_name":"filmpolitique.fr","article_published_time":"2026-03-22T11:00:00+00:00","og_image":[{"width":310,"height":163,"url":"https:\/\/filmpolitique.fr\/wp-content\/uploads\/2026\/01\/images.jpeg","type":"image\/jpeg"}],"author":"cinebastideblog","twitter_card":"summary_large_image","twitter_misc":{"\u00c9crit par":"cinebastideblog","Dur\u00e9e de lecture estim\u00e9e":"8 minutes"},"schema":{"@context":"https:\/\/schema.org","@graph":[{"@type":"Article","@id":"https:\/\/filmpolitique.fr\/?p=974#article","isPartOf":{"@id":"https:\/\/filmpolitique.fr\/?p=974"},"author":{"name":"cinebastideblog","@id":"https:\/\/filmpolitique.fr\/#\/schema\/person\/f7f1eb2ac9ba87f0152547f2847a6c34"},"headline":"LE TEMPS de Fran\u00e7ois Delisle : filmer le bouleversement climatique en images fixes","datePublished":"2026-03-22T11:00:00+00:00","mainEntityOfPage":{"@id":"https:\/\/filmpolitique.fr\/?p=974"},"wordCount":1639,"commentCount":0,"publisher":{"@id":"https:\/\/filmpolitique.fr\/#organization"},"image":{"@id":"https:\/\/filmpolitique.fr\/?p=974#primaryimage"},"thumbnailUrl":"https:\/\/filmpolitique.fr\/wp-content\/uploads\/2026\/01\/images.jpeg","articleSection":["Interviews \u00e9crites"],"inLanguage":"fr-FR","potentialAction":[{"@type":"CommentAction","name":"Comment","target":["https:\/\/filmpolitique.fr\/?p=974#respond"]}]},{"@type":"WebPage","@id":"https:\/\/filmpolitique.fr\/?p=974","url":"https:\/\/filmpolitique.fr\/?p=974","name":"Fran\u00e7ois Delisle filme le bouleversement climatique en images fixes","isPartOf":{"@id":"https:\/\/filmpolitique.fr\/#website"},"primaryImageOfPage":{"@id":"https:\/\/filmpolitique.fr\/?p=974#primaryimage"},"image":{"@id":"https:\/\/filmpolitique.fr\/?p=974#primaryimage"},"thumbnailUrl":"https:\/\/filmpolitique.fr\/wp-content\/uploads\/2026\/01\/images.jpeg","datePublished":"2026-03-22T11:00:00+00:00","description":"Fran\u00e7ois Delisle revient sur Le temps, film en images fixes sur le bouleversement climatique, m\u00ealant cin\u00e9ma engag\u00e9 et \u00e9cologie.","breadcrumb":{"@id":"https:\/\/filmpolitique.fr\/?p=974#breadcrumb"},"inLanguage":"fr-FR","potentialAction":[{"@type":"ReadAction","target":["https:\/\/filmpolitique.fr\/?p=974"]}]},{"@type":"ImageObject","inLanguage":"fr-FR","@id":"https:\/\/filmpolitique.fr\/?p=974#primaryimage","url":"https:\/\/filmpolitique.fr\/wp-content\/uploads\/2026\/01\/images.jpeg","contentUrl":"https:\/\/filmpolitique.fr\/wp-content\/uploads\/2026\/01\/images.jpeg","width":310,"height":163},{"@type":"BreadcrumbList","@id":"https:\/\/filmpolitique.fr\/?p=974#breadcrumb","itemListElement":[{"@type":"ListItem","position":1,"name":"Home","item":"https:\/\/filmpolitique.fr\/"},{"@type":"ListItem","position":2,"name":"LE TEMPS de Fran\u00e7ois Delisle : filmer le bouleversement climatique en images fixes"}]},{"@type":"WebSite","@id":"https:\/\/filmpolitique.fr\/#website","url":"https:\/\/filmpolitique.fr\/","name":"filmpolitique.fr","description":"Une plateforme propos\u00e9e par le Festival International du Film Politique de Carcassonne","publisher":{"@id":"https:\/\/filmpolitique.fr\/#organization"},"potentialAction":[{"@type":"SearchAction","target":{"@type":"EntryPoint","urlTemplate":"https:\/\/filmpolitique.fr\/?s={search_term_string}"},"query-input":{"@type":"PropertyValueSpecification","valueRequired":true,"valueName":"search_term_string"}}],"inLanguage":"fr-FR"},{"@type":"Organization","@id":"https:\/\/filmpolitique.fr\/#organization","name":"filmpolitique.fr","url":"https:\/\/filmpolitique.fr\/","logo":{"@type":"ImageObject","inLanguage":"fr-FR","@id":"https:\/\/filmpolitique.fr\/#\/schema\/logo\/image\/","url":"https:\/\/filmpolitique.fr\/wp-content\/uploads\/2026\/01\/film-politique-.fr_.jpg.png","contentUrl":"https:\/\/filmpolitique.fr\/wp-content\/uploads\/2026\/01\/film-politique-.fr_.jpg.png","width":1080,"height":1080,"caption":"filmpolitique.fr"},"image":{"@id":"https:\/\/filmpolitique.fr\/#\/schema\/logo\/image\/"}},{"@type":"Person","@id":"https:\/\/filmpolitique.fr\/#\/schema\/person\/f7f1eb2ac9ba87f0152547f2847a6c34","name":"cinebastideblog","image":{"@type":"ImageObject","inLanguage":"fr-FR","@id":"https:\/\/filmpolitique.fr\/#\/schema\/person\/image\/","url":"https:\/\/secure.gravatar.com\/avatar\/71227138e4ddfa2dbc7dcb131573dc077cdf7b3a51a8aacb71d82aecf1cceea7?s=96&d=mm&r=g","contentUrl":"https:\/\/secure.gravatar.com\/avatar\/71227138e4ddfa2dbc7dcb131573dc077cdf7b3a51a8aacb71d82aecf1cceea7?s=96&d=mm&r=g","caption":"cinebastideblog"},"sameAs":["https:\/\/filmpolitique.org"],"url":"https:\/\/filmpolitique.fr\/?author=1"}]}},"_links":{"self":[{"href":"https:\/\/filmpolitique.fr\/index.php?rest_route=\/wp\/v2\/posts\/974","targetHints":{"allow":["GET"]}}],"collection":[{"href":"https:\/\/filmpolitique.fr\/index.php?rest_route=\/wp\/v2\/posts"}],"about":[{"href":"https:\/\/filmpolitique.fr\/index.php?rest_route=\/wp\/v2\/types\/post"}],"author":[{"embeddable":true,"href":"https:\/\/filmpolitique.fr\/index.php?rest_route=\/wp\/v2\/users\/1"}],"replies":[{"embeddable":true,"href":"https:\/\/filmpolitique.fr\/index.php?rest_route=%2Fwp%2Fv2%2Fcomments&post=974"}],"version-history":[{"count":1,"href":"https:\/\/filmpolitique.fr\/index.php?rest_route=\/wp\/v2\/posts\/974\/revisions"}],"predecessor-version":[{"id":976,"href":"https:\/\/filmpolitique.fr\/index.php?rest_route=\/wp\/v2\/posts\/974\/revisions\/976"}],"wp:featuredmedia":[{"embeddable":true,"href":"https:\/\/filmpolitique.fr\/index.php?rest_route=\/wp\/v2\/media\/975"}],"wp:attachment":[{"href":"https:\/\/filmpolitique.fr\/index.php?rest_route=%2Fwp%2Fv2%2Fmedia&parent=974"}],"wp:term":[{"taxonomy":"category","embeddable":true,"href":"https:\/\/filmpolitique.fr\/index.php?rest_route=%2Fwp%2Fv2%2Fcategories&post=974"},{"taxonomy":"post_tag","embeddable":true,"href":"https:\/\/filmpolitique.fr\/index.php?rest_route=%2Fwp%2Fv2%2Ftags&post=974"}],"curies":[{"name":"wp","href":"https:\/\/api.w.org\/{rel}","templated":true}]}}