{"id":978,"date":"2026-03-27T10:28:00","date_gmt":"2026-03-27T09:28:00","guid":{"rendered":"https:\/\/filmpolitique.fr\/?p=978"},"modified":"2026-01-23T10:29:26","modified_gmt":"2026-01-23T09:29:26","slug":"black-water-injustice-climatique","status":"publish","type":"post","link":"https:\/\/filmpolitique.fr\/?p=978","title":{"rendered":"BLACK WATER de Natxo Leuza : quand le cin\u00e9ma r\u00e9v\u00e8le l\u2019injustice climatique au Bangladesh"},"content":{"rendered":"\n<h3 class=\"wp-block-heading\">Qu\u2019est-ce qui vous a d\u2019abord attir\u00e9 dans cette histoire et vous a donn\u00e9 envie de cr\u00e9er\u00a0<em>Black Water<\/em>\u00a0?<\/h3>\n\n\n\n<p>Natxo Leuza : Je raconte des histoires \u00e0 travers le monde depuis plus de quinze ans, et les films naissent presque toujours de la m\u00eame mani\u00e8re : comme de petites r\u00e9v\u00e9lations, soit sur le monde dans lequel je vis, soit sur moi-m\u00eame.\u00a0<em>Black Water<\/em>\u00a0est n\u00e9 lorsque j\u2019ai lu un article de presse indiquant qu\u2019au Bangladesh, d\u2019ici 2050, <a href=\"https:\/\/perspective.usherbrooke.ca\/bilan\/servlet\/BMAnalyse\/3580\">entre 20 et 30 millions de personnes allaient \u00eatre d\u00e9plac\u00e9es<\/a>. Ce serait la plus grande migration de masse de l\u2019histoire.<\/p>\n\n\n\n<p>Je venais de r\u00e9aliser deux documentaires en Ukraine et en Gr\u00e8ce sur les r\u00e9fugi\u00e9s, et j\u2019\u00e9tais donc tr\u00e8s sensible \u00e0 cette question. Je me suis retrouv\u00e9 face \u00e0 quelque chose qui m\u2019int\u00e9ressait profond\u00e9ment : la combinaison de plusieurs ann\u00e9es de recherches sur les r\u00e9fugi\u00e9s avec mon inqui\u00e9tude croissante face \u00e0 la crise climatique.<\/p>\n\n\n\n<p>En poursuivant mes recherches, j\u2019ai constat\u00e9 que cette migration \u00e9tait d\u00e9j\u00e0 en cours, sous la forme d\u2019un lent ruissellement. Chaque jour, quelques milliers de personnes quittent les zones rurales pour rejoindre la grande ville de Dacca, qui est au bord de l\u2019effondrement. Cela me paraissait extr\u00eamement puissant, presque apocalyptique, comme une bombe \u00e0 retardement. C\u2019est tout cela qui m\u2019a pouss\u00e9 \u00e0 cr\u00e9er&nbsp;<em>Black Water<\/em>.<\/p>\n\n\n<div class=\"wp-block-image\">\n<figure class=\"alignleft size-full is-resized\"><img fetchpriority=\"high\" decoding=\"async\" width=\"290\" height=\"218\" src=\"https:\/\/filmpolitique.fr\/wp-content\/uploads\/2026\/01\/photo1-1.jpg\" alt=\"\" class=\"wp-image-982\" style=\"aspect-ratio:1.3303705827539245;width:455px;height:auto\" srcset=\"https:\/\/filmpolitique.fr\/wp-content\/uploads\/2026\/01\/photo1-1.jpg 290w, https:\/\/filmpolitique.fr\/wp-content\/uploads\/2026\/01\/photo1-1-80x60.jpg 80w\" sizes=\"(max-width: 290px) 100vw, 290px\" \/><\/figure>\n<\/div>\n\n\n<h3 class=\"wp-block-heading\">Comment avez-vous rencontr\u00e9 Lokhi et sa famille, et qu\u2019est-ce qui vous a convaincu que leur histoire pouvait porter le film ?<\/h3>\n\n\n\n<p>Pour acc\u00e9der \u00e0 nos protagonistes, nous avons b\u00e9n\u00e9fici\u00e9 du soutien de l\u2019une des institutions les plus importantes du Bangladesh : BRAC. C\u2019est la plus grande ONG de coop\u00e9ration pour le d\u00e9veloppement au monde. Elle op\u00e8re depuis le Bangladesh, mais est pr\u00e9sente dans dix pays d\u2019Afrique et d\u2019Asie.<\/p>\n\n\n\n<p>J\u2019avais vu Lokhi dans l\u2019une de leurs vid\u00e9os, o\u00f9 elle racontait combien il \u00e9tait difficile de vivre au bord du fleuve. Nous leur avons demand\u00e9 de nous aider \u00e0 organiser un casting dans le sud du pays, une r\u00e9gion qui sera inond\u00e9e dans quelques ann\u00e9es.<\/p>\n\n\n\n<p>Quand j\u2019ai rencontr\u00e9 Lokhi, j\u2019ai \u00e9t\u00e9 captiv\u00e9 en quelques minutes. C\u2019est une femme tr\u00e8s forte, tr\u00e8s intelligente, qui exerce plusieurs emplois pour faire vivre sa famille. Chez elle, il \u00e9tait clair que c\u2019\u00e9tait elle la cheffe. Contrairement \u00e0 beaucoup de ses voisins, elle savait pr\u00e9cis\u00e9ment ce qu\u2019\u00e9tait le changement climatique et comment il l\u2019affectait.<\/p>\n\n\n\n<p>Je suis tr\u00e8s heureux de l\u2019avoir rencontr\u00e9e. C\u2019est une femme exceptionnelle, et elle avait quelque chose de naturel face \u00e0 la cam\u00e9ra. Elle savait comment se placer, comment bouger, quand parler et quand se taire. Elle donnait m\u00eame parfois des indications \u00e0 son mari ou aux autres personnes pr\u00e9sentes dans le plan.<\/p>\n\n\n\n<p>Tout ce que j\u2019ai fait, c\u2019est passer le plus de temps possible avec elle, gagner sa confiance et lui faire comprendre ce que je voulais raconter avec le film. Ils ne sont pas professionnels, mais ils sont conscients qu\u2019il faut bien faire les choses. Et tr\u00e8s souvent, ils m\u2019ont offert le plus beau des cadeaux : le don d\u2019eux-m\u00eames.<\/p>\n\n\n\n<h3 class=\"wp-block-heading\">Avez-vous d\u00fb faire des compromis importants pour des raisons financi\u00e8res ou logistiques ?<\/h3>\n\n\n\n<p>Pas tant que \u00e7a, en r\u00e9alit\u00e9. J\u2019aurais aim\u00e9 faire davantage de tournages pendant la saison de la mousson, afin de capturer plus de sc\u00e8nes de temp\u00eates et de montrer plus pr\u00e9cis\u00e9ment comment la maison de Lokhi se d\u00e9gradait peu \u00e0 peu. Mais des contraintes financi\u00e8res et logistiques l\u2019ont rendu impossible.<\/p>\n\n\n\n<p>Malgr\u00e9 tout, je pense que ce que nous avons film\u00e9 est suffisant pour raconter l\u2019histoire que nous voulions raconter et pour transmettre l\u2019impact r\u00e9el de ces conditions de vie sur les personnages.<\/p>\n\n\n\n<h3 class=\"wp-block-heading\">Que feriez-vous diff\u00e9remment avec plus de temps ou plus d\u2019argent ?<\/h3>\n\n\n\n<p>J\u2019aurais pass\u00e9 plus de temps avec les protagonistes. Cela nous aurait permis d\u2019approfondir notre relation avec eux, de suivre leur quotidien de mani\u00e8re plus intime, et de capter des moments plus subtils, plus fragiles, qui n\u2019\u00e9mergent qu\u2019avec une immersion prolong\u00e9e.<\/p>\n\n\n\n<h3 class=\"wp-block-heading\">Comment avez-vous construit la confiance avec Lokhi et sa famille ? Quels accords ou quelles discussions avez-vous eus sur la mani\u00e8re dont leur histoire serait racont\u00e9e ?<\/h3>\n\n\n\n<p>La confiance s\u2019est construite avec le temps, la pr\u00e9sence et une inqui\u00e9tude partag\u00e9e. Lokhi est profond\u00e9ment consciente de la d\u00e9gradation de son environnement due au changement climatique. De mon c\u00f4t\u00e9, j\u2019ai toujours ressenti le besoin d\u2019aborder cette question avec les seuls outils dont je dispose : le cin\u00e9ma.<\/p>\n\n\n\n<p>J\u2019ai pass\u00e9 beaucoup de temps \u00e0 discuter avec elle, au d\u00e9part sans m\u00eame parler du film, mais simplement de ce qui nous inqui\u00e9tait, du monde dans lequel nous vivons. Malgr\u00e9 la distance entre nos r\u00e9alit\u00e9s, nous partagions les m\u00eames pr\u00e9occupations, et cela a cr\u00e9\u00e9 un lien.<\/p>\n\n\n\n<p>\u00c0 partir de l\u00e0, le film est devenu quelque chose que nous affrontions ensemble, avec un objectif commun. D\u00e8s le d\u00e9but, il \u00e9tait essentiel pour moi d\u2019aborder ce projet avec dignit\u00e9 et respect. Je n\u2019essaie jamais de \u00ab prendre \u00bb quelque chose \u00e0 mes protagonistes, j\u2019essaie de construire quelque chose avec eux.<\/p>\n\n\n\n<p>Je crois que Lokhi l\u2019a ressenti tr\u00e8s t\u00f4t, non seulement de ma part, mais aussi de toute l\u2019\u00e9quipe. Dans un film qui traite de r\u00e9alit\u00e9s politiques ou sociales, la confiance et le respect ne sont pas seulement des principes \u00e9thiques : ils sont la condition m\u00eame de l\u2019existence du film.<\/p>\n\n\n<div class=\"wp-block-image\">\n<figure class=\"alignright size-full is-resized\"><img decoding=\"async\" width=\"290\" height=\"218\" src=\"https:\/\/filmpolitique.fr\/wp-content\/uploads\/2026\/01\/photo5-1.jpg\" alt=\"\" class=\"wp-image-983\" style=\"aspect-ratio:1.3303705827539245;width:338px;height:auto\" srcset=\"https:\/\/filmpolitique.fr\/wp-content\/uploads\/2026\/01\/photo5-1.jpg 290w, https:\/\/filmpolitique.fr\/wp-content\/uploads\/2026\/01\/photo5-1-80x60.jpg 80w\" sizes=\"(max-width: 290px) 100vw, 290px\" \/><\/figure>\n<\/div>\n\n\n<h3 class=\"wp-block-heading\">Comment avez-vous d\u00e9cid\u00e9 de m\u00ealer fiction et style documentaire ?<\/h3>\n\n\n\n<p>Je ne me demande jamais si je fais un documentaire ou une fiction. Je fais des films. Ce film n\u2019est pas un documentaire au sens strict. Il a une dimension documentaire, parce qu\u2019il part d\u2019une r\u00e9alit\u00e9 qui existe ind\u00e9pendamment de moi et de mon regard. Mais ensuite, il y a un travail de r\u00e9\u00e9criture, une construction de fiction \u00e0 partir de cette mati\u00e8re r\u00e9elle.<\/p>\n\n\n\n<p>Pendant le tournage, beaucoup de choses se produisaient spontan\u00e9ment, et nous n\u2019avions qu\u2019\u00e0 les suivre. J\u2019expliquais les sc\u00e8nes sans trop de d\u00e9tails. Elles venaient toujours de choses qu\u2019ils m\u2019avaient racont\u00e9es auparavant. Je leur donnais une phrase de d\u00e9part et une phrase de fin. Entre les deux, ils \u00e9taient libres.<\/p>\n\n\n\n<p>Je leur offrais un cadre pr\u00e9cis dans lequel ils avaient une totale libert\u00e9 d\u2019action. Ils ne sont pas professionnels, mais ils savent qu\u2019il faut bien faire, et ils m\u2019ont offert \u00e9norm\u00e9ment de moments pr\u00e9cieux.<\/p>\n\n\n\n<p>J\u2019ai toujours aim\u00e9 travailler sur cette fronti\u00e8re entre la r\u00e9alit\u00e9 et l\u2019imaginaire du cin\u00e9aste. Et je pense que cela devient un frein si l\u2019on commence \u00e0 se demander sans cesse si l\u2019on est en train de faire un documentaire ou une fiction.<\/p>\n\n\n\n<h3 class=\"wp-block-heading\">Pourquoi avoir choisi cette fin pour le film ?<\/h3>\n\n\n\n<p>D\u00e8s le d\u00e9but, je savais que le film devait se terminer entre les mains de la jeunesse. Ce sont eux qui h\u00e9riteront d\u2019un monde malade, qu\u2019ils n\u2019ont pas choisi, et ce sont eux qui descendent aujourd\u2019hui dans la rue pour exiger des r\u00e9ponses face \u00e0 l\u2019inaction politique.<\/p>\n\n\n\n<p>Je ne voulais pas conclure le film avec ma propre parole, mais laisser la leur occuper l\u2019espace final. Les laisser crier, protester, non pas comme un geste spectaculaire, mais comme une pr\u00e9sence impossible \u00e0 ignorer.<\/p>\n\n\n\n<p>Ce geste est renforc\u00e9 par le po\u00e8me que Shakila lit \u00e0 la radio, \u00e9crit par le po\u00e8te et militant Nnimmo Bassey :&nbsp;<em>I Will Not Dance to Your Beat<\/em>. Il \u00e9largit la port\u00e9e de la fin et inscrit la crise climatique dans une dimension mondiale. Ce n\u2019est pas seulement une histoire du Bangladesh, mais une blessure commune, un conflit global qui nous concerne tous.<\/p>\n\n\n\n<p>Je voulais que ces voix continuent de r\u00e9sonner dans la conscience du spectateur comme une question ouverte, inconfortable, sans r\u00e9ponse facile.<\/p>\n\n\n\n<h3 class=\"wp-block-heading\">Quels ont \u00e9t\u00e9 les plus grands d\u00e9fis du tournage et comment les avez-vous surmont\u00e9s ?<\/h3>\n\n\n\n<p>Les inondations et l\u2019impr\u00e9visibilit\u00e9 du climat. Dans les zones rurales, la maison \u00e9tait parfois totalement sous l\u2019eau, parfois plong\u00e9e dans une boue \u00e9paisse. Il fallait planifier sans cesse et s\u2019adapter.<\/p>\n\n\n\n<p>\u00c0 Dacca, les temp\u00eates torrentielles rendaient les d\u00e9placements tr\u00e8s compliqu\u00e9s, notamment pour prot\u00e9ger la cam\u00e9ra. Tourner dans la ville la plus dens\u00e9ment peupl\u00e9e du monde \u00e9tait aussi tr\u00e8s chaotique : beaucoup de gens nous suivaient, curieux de savoir ce que nous faisions.<\/p>\n\n\n\n<h3 class=\"wp-block-heading\">Quel message central vouliez-vous transmettre sur l\u2019injustice climatique et \u00ab l\u2019apartheid climatique \u00bb ?<\/h3>\n\n\n\n<p>Le changement climatique n\u2019est pas seulement une crise environnementale, c\u2019est une crise de justice. Ses cons\u00e9quences sont profond\u00e9ment in\u00e9galitaires.<\/p>\n\n\n\n<p>Le Bangladesh est en premi\u00e8re ligne. Ce qui s\u2019y passe n\u2019est pas une exception, mais un avant-go\u00fbt de ce qui attend d\u2019autres villes du monde.<\/p>\n\n\n\n<p>Les plus pauvres sont ceux qui ont le moins contribu\u00e9 au probl\u00e8me, mais ce sont eux qui en subissent les cons\u00e9quences les plus violentes. C\u2019est cela que j\u2019appelle l\u2019\u00ab apartheid climatique \u00bb : un futur o\u00f9 les riches pourront acheter leur protection, tandis que les autres resteront expos\u00e9s.<\/p>\n\n\n\n<p>Je ne voulais pas donner une le\u00e7on, mais faire ressentir cette injustice.<\/p>\n\n\n\n<h3 class=\"wp-block-heading\">Comment imaginez-vous l\u2019avenir de Lokhi et du Bangladesh ?<\/h3>\n\n\n\n<p>Aujourd\u2019hui, il existe une petite fen\u00eatre d\u2019espoir : apr\u00e8s le film, Lokhi a pu r\u00e9unir sa famille et construire une maison dans une zone plus s\u00fbre. Mais cette stabilit\u00e9 reste fragile.<\/p>\n\n\n\n<p>Je l\u2019imagine dans dix ans comme elle est d\u00e9j\u00e0 : forte, lucide et r\u00e9siliente.<\/p>\n\n\n\n<p>Pour le Bangladesh, l\u2019avenir est fait de r\u00e9sistance et de menace. Le film ne donne pas de r\u00e9ponse, il pose une question : quel monde voulons-nous construire, et qui paiera le prix de notre inaction ?<\/p>\n\n\n\n<h3 class=\"wp-block-heading\">Lokhi et sa famille ont-ils vu le film ? Quelle a \u00e9t\u00e9 leur r\u00e9action ?<\/h3>\n\n\n\n<p>Oui, ils l\u2019ont vu. Ils rient beaucoup en se reconnaissant \u00e0 l\u2019\u00e9cran, commentent les d\u00e9tails, les gestes, les petits moments de leur quotidien.<\/p>\n\n\n\n<p>Ils sont tr\u00e8s heureux du r\u00e9sultat final et d\u2019avoir particip\u00e9 au projet. Pour moi, c\u2019\u00e9tait essentiel qu\u2019ils se sentent respect\u00e9s et fid\u00e8lement repr\u00e9sent\u00e9s. Leur joie montre que l\u2019exp\u00e9rience a \u00e9t\u00e9 honn\u00eate et v\u00e9ritablement collaborative.<\/p>\n\n\n\n<figure class=\"wp-block-embed is-type-video is-provider-youtube wp-block-embed-youtube wp-embed-aspect-16-9 wp-has-aspect-ratio\"><div class=\"wp-block-embed__wrapper\">\nhttps:\/\/www.youtube.com\/watch?v=NTCDVoIZTs4&#038;t=94s\n<\/div><\/figure>\n","protected":false},"excerpt":{"rendered":"<p>Qu\u2019est-ce qui vous a d\u2019abord attir\u00e9 dans cette histoire et vous a donn\u00e9 envie de cr\u00e9er\u00a0Black Water\u00a0? Natxo Leuza : [&hellip;]<\/p>\n","protected":false},"author":1,"featured_media":980,"comment_status":"open","ping_status":"open","sticky":false,"template":"","format":"standard","meta":{"footnotes":""},"categories":[8],"tags":[],"class_list":["post-978","post","type-post","status-publish","format-standard","has-post-thumbnail","hentry","category-interviews-ecrites"],"yoast_head":"<!-- This site is optimized with the Yoast SEO plugin v26.5 - https:\/\/yoast.com\/wordpress\/plugins\/seo\/ -->\n<title>Black Water : quand le cin\u00e9ma r\u00e9v\u00e8le l\u2019injustice climatique<\/title>\n<meta name=\"description\" content=\"Dans Black Water, le cin\u00e9ma r\u00e9v\u00e8le l\u2019injustice climatique pr\u00e9sente au Bangladesh. Une interview pr\u00e9sent\u00e9e au FIFP.\" \/>\n<meta name=\"robots\" content=\"index, follow, max-snippet:-1, max-image-preview:large, max-video-preview:-1\" \/>\n<link rel=\"canonical\" href=\"https:\/\/filmpolitique.fr\/?p=978\" \/>\n<meta property=\"og:locale\" content=\"fr_FR\" \/>\n<meta property=\"og:type\" content=\"article\" \/>\n<meta property=\"og:title\" content=\"Black Water : quand le cin\u00e9ma r\u00e9v\u00e8le l\u2019injustice climatique\" \/>\n<meta property=\"og:description\" content=\"Dans Black Water, le cin\u00e9ma r\u00e9v\u00e8le l\u2019injustice climatique pr\u00e9sente au Bangladesh. Une interview pr\u00e9sent\u00e9e au FIFP.\" \/>\n<meta property=\"og:url\" content=\"https:\/\/filmpolitique.fr\/?p=978\" \/>\n<meta property=\"og:site_name\" content=\"filmpolitique.fr\" \/>\n<meta property=\"article:published_time\" content=\"2026-03-27T09:28:00+00:00\" \/>\n<meta property=\"og:image\" content=\"https:\/\/filmpolitique.fr\/wp-content\/uploads\/2026\/01\/photo2.jpg\" \/>\n\t<meta property=\"og:image:width\" content=\"290\" \/>\n\t<meta property=\"og:image:height\" content=\"218\" \/>\n\t<meta property=\"og:image:type\" content=\"image\/jpeg\" \/>\n<meta name=\"author\" content=\"cinebastideblog\" \/>\n<meta name=\"twitter:card\" content=\"summary_large_image\" \/>\n<meta name=\"twitter:label1\" content=\"\u00c9crit par\" \/>\n\t<meta name=\"twitter:data1\" content=\"cinebastideblog\" \/>\n\t<meta name=\"twitter:label2\" content=\"Dur\u00e9e de lecture estim\u00e9e\" \/>\n\t<meta name=\"twitter:data2\" content=\"9 minutes\" \/>\n<script type=\"application\/ld+json\" class=\"yoast-schema-graph\">{\"@context\":\"https:\/\/schema.org\",\"@graph\":[{\"@type\":\"Article\",\"@id\":\"https:\/\/filmpolitique.fr\/?p=978#article\",\"isPartOf\":{\"@id\":\"https:\/\/filmpolitique.fr\/?p=978\"},\"author\":{\"name\":\"cinebastideblog\",\"@id\":\"https:\/\/filmpolitique.fr\/#\/schema\/person\/f7f1eb2ac9ba87f0152547f2847a6c34\"},\"headline\":\"BLACK WATER de Natxo Leuza : quand le cin\u00e9ma r\u00e9v\u00e8le l\u2019injustice climatique au Bangladesh\",\"datePublished\":\"2026-03-27T09:28:00+00:00\",\"mainEntityOfPage\":{\"@id\":\"https:\/\/filmpolitique.fr\/?p=978\"},\"wordCount\":1819,\"commentCount\":0,\"publisher\":{\"@id\":\"https:\/\/filmpolitique.fr\/#organization\"},\"image\":{\"@id\":\"https:\/\/filmpolitique.fr\/?p=978#primaryimage\"},\"thumbnailUrl\":\"https:\/\/filmpolitique.fr\/wp-content\/uploads\/2026\/01\/photo2.jpg\",\"articleSection\":[\"Interviews \u00e9crites\"],\"inLanguage\":\"fr-FR\",\"potentialAction\":[{\"@type\":\"CommentAction\",\"name\":\"Comment\",\"target\":[\"https:\/\/filmpolitique.fr\/?p=978#respond\"]}]},{\"@type\":\"WebPage\",\"@id\":\"https:\/\/filmpolitique.fr\/?p=978\",\"url\":\"https:\/\/filmpolitique.fr\/?p=978\",\"name\":\"Black Water : quand le cin\u00e9ma r\u00e9v\u00e8le l\u2019injustice climatique\",\"isPartOf\":{\"@id\":\"https:\/\/filmpolitique.fr\/#website\"},\"primaryImageOfPage\":{\"@id\":\"https:\/\/filmpolitique.fr\/?p=978#primaryimage\"},\"image\":{\"@id\":\"https:\/\/filmpolitique.fr\/?p=978#primaryimage\"},\"thumbnailUrl\":\"https:\/\/filmpolitique.fr\/wp-content\/uploads\/2026\/01\/photo2.jpg\",\"datePublished\":\"2026-03-27T09:28:00+00:00\",\"description\":\"Dans Black Water, le cin\u00e9ma r\u00e9v\u00e8le l\u2019injustice climatique pr\u00e9sente au Bangladesh. Une interview pr\u00e9sent\u00e9e au FIFP.\",\"breadcrumb\":{\"@id\":\"https:\/\/filmpolitique.fr\/?p=978#breadcrumb\"},\"inLanguage\":\"fr-FR\",\"potentialAction\":[{\"@type\":\"ReadAction\",\"target\":[\"https:\/\/filmpolitique.fr\/?p=978\"]}]},{\"@type\":\"ImageObject\",\"inLanguage\":\"fr-FR\",\"@id\":\"https:\/\/filmpolitique.fr\/?p=978#primaryimage\",\"url\":\"https:\/\/filmpolitique.fr\/wp-content\/uploads\/2026\/01\/photo2.jpg\",\"contentUrl\":\"https:\/\/filmpolitique.fr\/wp-content\/uploads\/2026\/01\/photo2.jpg\",\"width\":290,\"height\":218},{\"@type\":\"BreadcrumbList\",\"@id\":\"https:\/\/filmpolitique.fr\/?p=978#breadcrumb\",\"itemListElement\":[{\"@type\":\"ListItem\",\"position\":1,\"name\":\"Home\",\"item\":\"https:\/\/filmpolitique.fr\/\"},{\"@type\":\"ListItem\",\"position\":2,\"name\":\"BLACK WATER de Natxo Leuza : quand le cin\u00e9ma r\u00e9v\u00e8le l\u2019injustice climatique au Bangladesh\"}]},{\"@type\":\"WebSite\",\"@id\":\"https:\/\/filmpolitique.fr\/#website\",\"url\":\"https:\/\/filmpolitique.fr\/\",\"name\":\"filmpolitique.fr\",\"description\":\"Une plateforme propos\u00e9e par le Festival International du Film Politique de Carcassonne\",\"publisher\":{\"@id\":\"https:\/\/filmpolitique.fr\/#organization\"},\"potentialAction\":[{\"@type\":\"SearchAction\",\"target\":{\"@type\":\"EntryPoint\",\"urlTemplate\":\"https:\/\/filmpolitique.fr\/?s={search_term_string}\"},\"query-input\":{\"@type\":\"PropertyValueSpecification\",\"valueRequired\":true,\"valueName\":\"search_term_string\"}}],\"inLanguage\":\"fr-FR\"},{\"@type\":\"Organization\",\"@id\":\"https:\/\/filmpolitique.fr\/#organization\",\"name\":\"filmpolitique.fr\",\"url\":\"https:\/\/filmpolitique.fr\/\",\"logo\":{\"@type\":\"ImageObject\",\"inLanguage\":\"fr-FR\",\"@id\":\"https:\/\/filmpolitique.fr\/#\/schema\/logo\/image\/\",\"url\":\"https:\/\/filmpolitique.fr\/wp-content\/uploads\/2026\/01\/film-politique-.fr_.jpg.png\",\"contentUrl\":\"https:\/\/filmpolitique.fr\/wp-content\/uploads\/2026\/01\/film-politique-.fr_.jpg.png\",\"width\":1080,\"height\":1080,\"caption\":\"filmpolitique.fr\"},\"image\":{\"@id\":\"https:\/\/filmpolitique.fr\/#\/schema\/logo\/image\/\"}},{\"@type\":\"Person\",\"@id\":\"https:\/\/filmpolitique.fr\/#\/schema\/person\/f7f1eb2ac9ba87f0152547f2847a6c34\",\"name\":\"cinebastideblog\",\"image\":{\"@type\":\"ImageObject\",\"inLanguage\":\"fr-FR\",\"@id\":\"https:\/\/filmpolitique.fr\/#\/schema\/person\/image\/\",\"url\":\"https:\/\/secure.gravatar.com\/avatar\/71227138e4ddfa2dbc7dcb131573dc077cdf7b3a51a8aacb71d82aecf1cceea7?s=96&d=mm&r=g\",\"contentUrl\":\"https:\/\/secure.gravatar.com\/avatar\/71227138e4ddfa2dbc7dcb131573dc077cdf7b3a51a8aacb71d82aecf1cceea7?s=96&d=mm&r=g\",\"caption\":\"cinebastideblog\"},\"sameAs\":[\"https:\/\/filmpolitique.org\"],\"url\":\"https:\/\/filmpolitique.fr\/?author=1\"}]}<\/script>\n<!-- \/ Yoast SEO plugin. -->","yoast_head_json":{"title":"Black Water : quand le cin\u00e9ma r\u00e9v\u00e8le l\u2019injustice climatique","description":"Dans Black Water, le cin\u00e9ma r\u00e9v\u00e8le l\u2019injustice climatique pr\u00e9sente au Bangladesh. Une interview pr\u00e9sent\u00e9e au FIFP.","robots":{"index":"index","follow":"follow","max-snippet":"max-snippet:-1","max-image-preview":"max-image-preview:large","max-video-preview":"max-video-preview:-1"},"canonical":"https:\/\/filmpolitique.fr\/?p=978","og_locale":"fr_FR","og_type":"article","og_title":"Black Water : quand le cin\u00e9ma r\u00e9v\u00e8le l\u2019injustice climatique","og_description":"Dans Black Water, le cin\u00e9ma r\u00e9v\u00e8le l\u2019injustice climatique pr\u00e9sente au Bangladesh. Une interview pr\u00e9sent\u00e9e au FIFP.","og_url":"https:\/\/filmpolitique.fr\/?p=978","og_site_name":"filmpolitique.fr","article_published_time":"2026-03-27T09:28:00+00:00","og_image":[{"width":290,"height":218,"url":"https:\/\/filmpolitique.fr\/wp-content\/uploads\/2026\/01\/photo2.jpg","type":"image\/jpeg"}],"author":"cinebastideblog","twitter_card":"summary_large_image","twitter_misc":{"\u00c9crit par":"cinebastideblog","Dur\u00e9e de lecture estim\u00e9e":"9 minutes"},"schema":{"@context":"https:\/\/schema.org","@graph":[{"@type":"Article","@id":"https:\/\/filmpolitique.fr\/?p=978#article","isPartOf":{"@id":"https:\/\/filmpolitique.fr\/?p=978"},"author":{"name":"cinebastideblog","@id":"https:\/\/filmpolitique.fr\/#\/schema\/person\/f7f1eb2ac9ba87f0152547f2847a6c34"},"headline":"BLACK WATER de Natxo Leuza : quand le cin\u00e9ma r\u00e9v\u00e8le l\u2019injustice climatique au Bangladesh","datePublished":"2026-03-27T09:28:00+00:00","mainEntityOfPage":{"@id":"https:\/\/filmpolitique.fr\/?p=978"},"wordCount":1819,"commentCount":0,"publisher":{"@id":"https:\/\/filmpolitique.fr\/#organization"},"image":{"@id":"https:\/\/filmpolitique.fr\/?p=978#primaryimage"},"thumbnailUrl":"https:\/\/filmpolitique.fr\/wp-content\/uploads\/2026\/01\/photo2.jpg","articleSection":["Interviews \u00e9crites"],"inLanguage":"fr-FR","potentialAction":[{"@type":"CommentAction","name":"Comment","target":["https:\/\/filmpolitique.fr\/?p=978#respond"]}]},{"@type":"WebPage","@id":"https:\/\/filmpolitique.fr\/?p=978","url":"https:\/\/filmpolitique.fr\/?p=978","name":"Black Water : quand le cin\u00e9ma r\u00e9v\u00e8le l\u2019injustice climatique","isPartOf":{"@id":"https:\/\/filmpolitique.fr\/#website"},"primaryImageOfPage":{"@id":"https:\/\/filmpolitique.fr\/?p=978#primaryimage"},"image":{"@id":"https:\/\/filmpolitique.fr\/?p=978#primaryimage"},"thumbnailUrl":"https:\/\/filmpolitique.fr\/wp-content\/uploads\/2026\/01\/photo2.jpg","datePublished":"2026-03-27T09:28:00+00:00","description":"Dans Black Water, le cin\u00e9ma r\u00e9v\u00e8le l\u2019injustice climatique pr\u00e9sente au Bangladesh. Une interview pr\u00e9sent\u00e9e au FIFP.","breadcrumb":{"@id":"https:\/\/filmpolitique.fr\/?p=978#breadcrumb"},"inLanguage":"fr-FR","potentialAction":[{"@type":"ReadAction","target":["https:\/\/filmpolitique.fr\/?p=978"]}]},{"@type":"ImageObject","inLanguage":"fr-FR","@id":"https:\/\/filmpolitique.fr\/?p=978#primaryimage","url":"https:\/\/filmpolitique.fr\/wp-content\/uploads\/2026\/01\/photo2.jpg","contentUrl":"https:\/\/filmpolitique.fr\/wp-content\/uploads\/2026\/01\/photo2.jpg","width":290,"height":218},{"@type":"BreadcrumbList","@id":"https:\/\/filmpolitique.fr\/?p=978#breadcrumb","itemListElement":[{"@type":"ListItem","position":1,"name":"Home","item":"https:\/\/filmpolitique.fr\/"},{"@type":"ListItem","position":2,"name":"BLACK WATER de Natxo Leuza : quand le cin\u00e9ma r\u00e9v\u00e8le l\u2019injustice climatique au Bangladesh"}]},{"@type":"WebSite","@id":"https:\/\/filmpolitique.fr\/#website","url":"https:\/\/filmpolitique.fr\/","name":"filmpolitique.fr","description":"Une plateforme propos\u00e9e par le Festival International du Film Politique de Carcassonne","publisher":{"@id":"https:\/\/filmpolitique.fr\/#organization"},"potentialAction":[{"@type":"SearchAction","target":{"@type":"EntryPoint","urlTemplate":"https:\/\/filmpolitique.fr\/?s={search_term_string}"},"query-input":{"@type":"PropertyValueSpecification","valueRequired":true,"valueName":"search_term_string"}}],"inLanguage":"fr-FR"},{"@type":"Organization","@id":"https:\/\/filmpolitique.fr\/#organization","name":"filmpolitique.fr","url":"https:\/\/filmpolitique.fr\/","logo":{"@type":"ImageObject","inLanguage":"fr-FR","@id":"https:\/\/filmpolitique.fr\/#\/schema\/logo\/image\/","url":"https:\/\/filmpolitique.fr\/wp-content\/uploads\/2026\/01\/film-politique-.fr_.jpg.png","contentUrl":"https:\/\/filmpolitique.fr\/wp-content\/uploads\/2026\/01\/film-politique-.fr_.jpg.png","width":1080,"height":1080,"caption":"filmpolitique.fr"},"image":{"@id":"https:\/\/filmpolitique.fr\/#\/schema\/logo\/image\/"}},{"@type":"Person","@id":"https:\/\/filmpolitique.fr\/#\/schema\/person\/f7f1eb2ac9ba87f0152547f2847a6c34","name":"cinebastideblog","image":{"@type":"ImageObject","inLanguage":"fr-FR","@id":"https:\/\/filmpolitique.fr\/#\/schema\/person\/image\/","url":"https:\/\/secure.gravatar.com\/avatar\/71227138e4ddfa2dbc7dcb131573dc077cdf7b3a51a8aacb71d82aecf1cceea7?s=96&d=mm&r=g","contentUrl":"https:\/\/secure.gravatar.com\/avatar\/71227138e4ddfa2dbc7dcb131573dc077cdf7b3a51a8aacb71d82aecf1cceea7?s=96&d=mm&r=g","caption":"cinebastideblog"},"sameAs":["https:\/\/filmpolitique.org"],"url":"https:\/\/filmpolitique.fr\/?author=1"}]}},"_links":{"self":[{"href":"https:\/\/filmpolitique.fr\/index.php?rest_route=\/wp\/v2\/posts\/978","targetHints":{"allow":["GET"]}}],"collection":[{"href":"https:\/\/filmpolitique.fr\/index.php?rest_route=\/wp\/v2\/posts"}],"about":[{"href":"https:\/\/filmpolitique.fr\/index.php?rest_route=\/wp\/v2\/types\/post"}],"author":[{"embeddable":true,"href":"https:\/\/filmpolitique.fr\/index.php?rest_route=\/wp\/v2\/users\/1"}],"replies":[{"embeddable":true,"href":"https:\/\/filmpolitique.fr\/index.php?rest_route=%2Fwp%2Fv2%2Fcomments&post=978"}],"version-history":[{"count":1,"href":"https:\/\/filmpolitique.fr\/index.php?rest_route=\/wp\/v2\/posts\/978\/revisions"}],"predecessor-version":[{"id":984,"href":"https:\/\/filmpolitique.fr\/index.php?rest_route=\/wp\/v2\/posts\/978\/revisions\/984"}],"wp:featuredmedia":[{"embeddable":true,"href":"https:\/\/filmpolitique.fr\/index.php?rest_route=\/wp\/v2\/media\/980"}],"wp:attachment":[{"href":"https:\/\/filmpolitique.fr\/index.php?rest_route=%2Fwp%2Fv2%2Fmedia&parent=978"}],"wp:term":[{"taxonomy":"category","embeddable":true,"href":"https:\/\/filmpolitique.fr\/index.php?rest_route=%2Fwp%2Fv2%2Fcategories&post=978"},{"taxonomy":"post_tag","embeddable":true,"href":"https:\/\/filmpolitique.fr\/index.php?rest_route=%2Fwp%2Fv2%2Ftags&post=978"}],"curies":[{"name":"wp","href":"https:\/\/api.w.org\/{rel}","templated":true}]}}