{"id":992,"date":"2026-04-01T09:00:00","date_gmt":"2026-04-01T07:00:00","guid":{"rendered":"https:\/\/filmpolitique.fr\/?p=992"},"modified":"2026-01-23T11:30:52","modified_gmt":"2026-01-23T10:30:52","slug":"ourt-metrage-politique-expression","status":"publish","type":"post","link":"https:\/\/filmpolitique.fr\/?p=992","title":{"rendered":"VOLTIGE de Luiza Cocora : le court-m\u00e9trage devient une expression politique \u00e0 part enti\u00e8re"},"content":{"rendered":"\n<h3 class=\"wp-block-heading\">Que repr\u00e9sente le court-m\u00e9trage pour vous : un essai, un exercice de style, une forme d\u2019expression \u00e0 part enti\u00e8re ou peut-\u00eatre les trois \u00e0 la fois ?<\/h3>\n\n\n\n<p>Luiza Cocora : Je vois le court-m\u00e9trage avant tout comme une forme d\u2019expression \u00e0 part enti\u00e8re. C\u2019est un format qui permet de se rapprocher de l\u2019autre, de capter des fragments de vie, des \u00e9tats int\u00e9rieurs, des silences, des gestes minuscules qui r\u00e9v\u00e8lent une humanit\u00e9 souvent invisible. Sa bri\u00e8vet\u00e9 oblige \u00e0 aller \u00e0 l\u2019essentiel : regarder vraiment, \u00e9couter attentivement, faire confiance \u00e0 ce qui se joue dans les interstices.<\/p>\n\n\n\n<p>Il est aussi un espace de libert\u00e9 et de recherche, un lieu d\u2019exp\u00e9rimentation formelle, narrative et sensorielle, o\u00f9 je peux tester des intuitions et affiner mon regard, sans perdre de vue l\u2019\u00e9motion et la rencontre humaine. Le court-m\u00e9trage me permet de travailler au plus pr\u00e8s des personnes, des corps et des voix, et de cr\u00e9er une relation sensible et attentive avec le r\u00e9el ou avec les personnages, qu\u2019ils soient documentaires ou fictionnels.<\/p>\n\n\n\n<p>Enfin, s\u2019il peut prendre la forme d\u2019un essai ou d\u2019un laboratoire artistique, il n\u2019est jamais un simple exercice. Le court-m\u00e9trage est un geste autonome, exigeant, o\u00f9 chaque choix a un poids \u00e9motionnel et \u00e9thique. Pour moi, il est un lieu de r\u00e9sistance \u00e0 la vitesse et au spectaculaire, un espace pour redonner du temps, de l\u2019attention et de la profondeur aux histoires humaines que je raconte.<\/p>\n\n\n\n<h3 class=\"wp-block-heading\">Qu\u2019est-ce qui caract\u00e9rise selon vous un bon court-m\u00e9trage politique ?<\/h3>\n\n\n\n<p>Pour moi, un bon court-m\u00e9trage politique se distingue avant tout par son regard sur l\u2019humain.<br>Il ne cherche pas \u00e0 d\u00e9montrer, \u00e0 convaincre ou \u00e0 illustrer une id\u00e9e ou un discours, mais \u00e0 rendre sensibles des r\u00e9alit\u00e9s v\u00e9cues, souvent complexes, ambivalentes, parfois contradictoires.<\/p>\n\n\n\n<p>Ce qui le caract\u00e9rise, c\u2019est sa capacit\u00e9 \u00e0 faire exister des personnes plut\u00f4t qu\u2019un sujet, \u00e0 montrer comment le politique traverse les corps, les relations et les gestes du quotidien. \u00c0 travers un point de vue pr\u00e9cis et incarn\u00e9, le film permet au spectateur de ressentir les effets concrets d\u2019un syst\u00e8me, d\u2019une norme ou d\u2019une injustice, sans jamais perdre de vue la complexit\u00e9 humaine.<\/p>\n\n\n\n<p>Un bon court-m\u00e9trage politique laisse ainsi de la place au doute et \u00e0 la nuance. Il fait confiance \u00e0 l\u2019intelligence et \u00e0 la sensibilit\u00e9 du spectateur, en lui offrant un espace de r\u00e9flexion plut\u00f4t qu\u2019un message ferm\u00e9. Par sa forme condens\u00e9e, il peut atteindre une grande justesse \u00e9motionnelle et cr\u00e9er un lieu de rencontre et d\u2019\u00e9coute, o\u00f9 le politique \u00e9merge naturellement \u00e0 partir de l\u2019exp\u00e9rience humaine.<\/p>\n\n\n\n<p>Aujourd\u2019hui le FIFP cr\u00e9e La Bo\u00eete, pour proposer au public des courts-m\u00e9trages toute l\u2019ann\u00e9e. Et vous, quelle est votre solution pour relancer l\u2019int\u00e9r\u00eat du public pour cette forme cin\u00e9matographique ?<\/p>\n\n\n\n<h3 class=\"wp-block-heading\">Je trouve que l\u2019initiative du FIFPde cr\u00e9er La Bo\u00eete est essentielle et tr\u00e8s inspirante. Proposer des courts-m\u00e9trages tout au long de l\u2019ann\u00e9e permet de sortir ce format de l\u2019\u00e9v\u00e9nementiel ponctuel et de l\u2019inscrire dans une relation durable avec le public, au-del\u00e0 des temps forts de festival.<\/h3>\n\n\n\n<p>Pour relancer l\u2019int\u00e9r\u00eat du public pour le court-m\u00e9trage, je crois avant tout \u00e0 la rencontre. Des projections r\u00e9guli\u00e8res, accompagn\u00e9es de discussions avec les cin\u00e9astes ou de temps d\u2019\u00e9change, en salle, dans des lieux hybrides ou en ligne, permettent de cr\u00e9er un lien direct entre les \u0153uvres et les spectateurs, et de rendre ce format plus accessible.<\/p>\n\n\n\n<p>Il me semble aussi important de contextualiser les films, de partager leur gen\u00e8se, leurs conditions de cr\u00e9ation et leurs enjeux humains et artistiques. Comprendre d\u2019o\u00f9 viennent les \u0153uvres renforce l\u2019attachement du public et rappelle que le court-m\u00e9trage n\u2019est pas une forme \u00ab mineure \u00bb, mais un geste autonome, n\u00e9 d\u2019une n\u00e9cessit\u00e9 artistique.<\/p>\n\n\n\n<p>Enfin, je crois \u00e0 la force de la curation et de la continuit\u00e9 : proposer des parcours th\u00e9matiques, faire dialoguer les films entre eux, cr\u00e9er des passerelles entre fiction, documentaire et exp\u00e9rimentation. C\u2019est en offrant au public du temps, de la r\u00e9gularit\u00e9 et des rep\u00e8res que le court-m\u00e9trage peut retrouver toute sa place comme exp\u00e9rience cin\u00e9matographique \u00e0 part enti\u00e8re.<\/p>\n\n\n\n<p><\/p>\n","protected":false},"excerpt":{"rendered":"<p>Que repr\u00e9sente le court-m\u00e9trage pour vous : un essai, un exercice de style, une forme d\u2019expression \u00e0 part enti\u00e8re ou [&hellip;]<\/p>\n","protected":false},"author":1,"featured_media":993,"comment_status":"open","ping_status":"open","sticky":false,"template":"","format":"standard","meta":{"footnotes":""},"categories":[8],"tags":[],"class_list":["post-992","post","type-post","status-publish","format-standard","has-post-thumbnail","hentry","category-interviews-ecrites"],"yoast_head":"<!-- This site is optimized with the Yoast SEO plugin v26.5 - https:\/\/yoast.com\/wordpress\/plugins\/seo\/ -->\n<title>Le court-m\u00e9trage politique : une expression \u00e0 part enti\u00e8re<\/title>\n<meta name=\"description\" content=\"D\u00e9couvrez pourquoi le court-m\u00e9trage est un format autonome et politique, capable de capturer l\u2019humain et de cr\u00e9er un dialogue avec le public.\" \/>\n<meta name=\"robots\" content=\"index, follow, max-snippet:-1, max-image-preview:large, max-video-preview:-1\" \/>\n<link rel=\"canonical\" href=\"https:\/\/filmpolitique.fr\/?p=992\" \/>\n<meta property=\"og:locale\" content=\"fr_FR\" \/>\n<meta property=\"og:type\" content=\"article\" \/>\n<meta property=\"og:title\" content=\"Le court-m\u00e9trage politique : une expression \u00e0 part enti\u00e8re\" \/>\n<meta property=\"og:description\" content=\"D\u00e9couvrez pourquoi le court-m\u00e9trage est un format autonome et politique, capable de capturer l\u2019humain et de cr\u00e9er un dialogue avec le public.\" \/>\n<meta property=\"og:url\" content=\"https:\/\/filmpolitique.fr\/?p=992\" \/>\n<meta property=\"og:site_name\" content=\"filmpolitique.fr\" \/>\n<meta property=\"article:published_time\" content=\"2026-04-01T07:00:00+00:00\" \/>\n<meta property=\"og:image\" content=\"https:\/\/filmpolitique.fr\/wp-content\/uploads\/2026\/01\/DE97E6F894CF45B0BFA89FBAA550B672.jpg\" \/>\n\t<meta property=\"og:image:width\" content=\"933\" \/>\n\t<meta property=\"og:image:height\" content=\"530\" \/>\n\t<meta property=\"og:image:type\" content=\"image\/jpeg\" \/>\n<meta name=\"author\" content=\"cinebastideblog\" \/>\n<meta name=\"twitter:card\" content=\"summary_large_image\" \/>\n<meta name=\"twitter:label1\" content=\"\u00c9crit par\" \/>\n\t<meta name=\"twitter:data1\" content=\"cinebastideblog\" \/>\n\t<meta name=\"twitter:label2\" content=\"Dur\u00e9e de lecture estim\u00e9e\" \/>\n\t<meta name=\"twitter:data2\" content=\"4 minutes\" \/>\n<script type=\"application\/ld+json\" class=\"yoast-schema-graph\">{\"@context\":\"https:\/\/schema.org\",\"@graph\":[{\"@type\":\"WebPage\",\"@id\":\"https:\/\/filmpolitique.fr\/?p=992\",\"url\":\"https:\/\/filmpolitique.fr\/?p=992\",\"name\":\"Le court-m\u00e9trage politique : une expression \u00e0 part enti\u00e8re\",\"isPartOf\":{\"@id\":\"https:\/\/filmpolitique.fr\/#website\"},\"primaryImageOfPage\":{\"@id\":\"https:\/\/filmpolitique.fr\/?p=992#primaryimage\"},\"image\":{\"@id\":\"https:\/\/filmpolitique.fr\/?p=992#primaryimage\"},\"thumbnailUrl\":\"https:\/\/filmpolitique.fr\/wp-content\/uploads\/2026\/01\/DE97E6F894CF45B0BFA89FBAA550B672.jpg\",\"datePublished\":\"2026-04-01T07:00:00+00:00\",\"author\":{\"@id\":\"https:\/\/filmpolitique.fr\/#\/schema\/person\/f7f1eb2ac9ba87f0152547f2847a6c34\"},\"description\":\"D\u00e9couvrez pourquoi le court-m\u00e9trage est un format autonome et politique, capable de capturer l\u2019humain et de cr\u00e9er un dialogue avec le public.\",\"breadcrumb\":{\"@id\":\"https:\/\/filmpolitique.fr\/?p=992#breadcrumb\"},\"inLanguage\":\"fr-FR\",\"potentialAction\":[{\"@type\":\"ReadAction\",\"target\":[\"https:\/\/filmpolitique.fr\/?p=992\"]}]},{\"@type\":\"ImageObject\",\"inLanguage\":\"fr-FR\",\"@id\":\"https:\/\/filmpolitique.fr\/?p=992#primaryimage\",\"url\":\"https:\/\/filmpolitique.fr\/wp-content\/uploads\/2026\/01\/DE97E6F894CF45B0BFA89FBAA550B672.jpg\",\"contentUrl\":\"https:\/\/filmpolitique.fr\/wp-content\/uploads\/2026\/01\/DE97E6F894CF45B0BFA89FBAA550B672.jpg\",\"width\":933,\"height\":530,\"caption\":\"Screenshot\"},{\"@type\":\"BreadcrumbList\",\"@id\":\"https:\/\/filmpolitique.fr\/?p=992#breadcrumb\",\"itemListElement\":[{\"@type\":\"ListItem\",\"position\":1,\"name\":\"Home\",\"item\":\"https:\/\/filmpolitique.fr\/\"},{\"@type\":\"ListItem\",\"position\":2,\"name\":\"VOLTIGE de Luiza Cocora : le court-m\u00e9trage devient une expression politique \u00e0 part enti\u00e8re\"}]},{\"@type\":\"WebSite\",\"@id\":\"https:\/\/filmpolitique.fr\/#website\",\"url\":\"https:\/\/filmpolitique.fr\/\",\"name\":\"filmpolitique.fr\",\"description\":\"Le cin\u00e9ma qui change le regard sur le monde\",\"potentialAction\":[{\"@type\":\"SearchAction\",\"target\":{\"@type\":\"EntryPoint\",\"urlTemplate\":\"https:\/\/filmpolitique.fr\/?s={search_term_string}\"},\"query-input\":{\"@type\":\"PropertyValueSpecification\",\"valueRequired\":true,\"valueName\":\"search_term_string\"}}],\"inLanguage\":\"fr-FR\"},{\"@type\":\"Person\",\"@id\":\"https:\/\/filmpolitique.fr\/#\/schema\/person\/f7f1eb2ac9ba87f0152547f2847a6c34\",\"name\":\"cinebastideblog\",\"image\":{\"@type\":\"ImageObject\",\"inLanguage\":\"fr-FR\",\"@id\":\"https:\/\/filmpolitique.fr\/#\/schema\/person\/image\/\",\"url\":\"https:\/\/secure.gravatar.com\/avatar\/71227138e4ddfa2dbc7dcb131573dc077cdf7b3a51a8aacb71d82aecf1cceea7?s=96&d=mm&r=g\",\"contentUrl\":\"https:\/\/secure.gravatar.com\/avatar\/71227138e4ddfa2dbc7dcb131573dc077cdf7b3a51a8aacb71d82aecf1cceea7?s=96&d=mm&r=g\",\"caption\":\"cinebastideblog\"},\"sameAs\":[\"https:\/\/filmpolitique.org\"],\"url\":\"https:\/\/filmpolitique.fr\/?author=1\"}]}<\/script>\n<!-- \/ Yoast SEO plugin. -->","yoast_head_json":{"title":"Le court-m\u00e9trage politique : une expression \u00e0 part enti\u00e8re","description":"D\u00e9couvrez pourquoi le court-m\u00e9trage est un format autonome et politique, capable de capturer l\u2019humain et de cr\u00e9er un dialogue avec le public.","robots":{"index":"index","follow":"follow","max-snippet":"max-snippet:-1","max-image-preview":"max-image-preview:large","max-video-preview":"max-video-preview:-1"},"canonical":"https:\/\/filmpolitique.fr\/?p=992","og_locale":"fr_FR","og_type":"article","og_title":"Le court-m\u00e9trage politique : une expression \u00e0 part enti\u00e8re","og_description":"D\u00e9couvrez pourquoi le court-m\u00e9trage est un format autonome et politique, capable de capturer l\u2019humain et de cr\u00e9er un dialogue avec le public.","og_url":"https:\/\/filmpolitique.fr\/?p=992","og_site_name":"filmpolitique.fr","article_published_time":"2026-04-01T07:00:00+00:00","og_image":[{"width":933,"height":530,"url":"https:\/\/filmpolitique.fr\/wp-content\/uploads\/2026\/01\/DE97E6F894CF45B0BFA89FBAA550B672.jpg","type":"image\/jpeg"}],"author":"cinebastideblog","twitter_card":"summary_large_image","twitter_misc":{"\u00c9crit par":"cinebastideblog","Dur\u00e9e de lecture estim\u00e9e":"4 minutes"},"schema":{"@context":"https:\/\/schema.org","@graph":[{"@type":"WebPage","@id":"https:\/\/filmpolitique.fr\/?p=992","url":"https:\/\/filmpolitique.fr\/?p=992","name":"Le court-m\u00e9trage politique : une expression \u00e0 part enti\u00e8re","isPartOf":{"@id":"https:\/\/filmpolitique.fr\/#website"},"primaryImageOfPage":{"@id":"https:\/\/filmpolitique.fr\/?p=992#primaryimage"},"image":{"@id":"https:\/\/filmpolitique.fr\/?p=992#primaryimage"},"thumbnailUrl":"https:\/\/filmpolitique.fr\/wp-content\/uploads\/2026\/01\/DE97E6F894CF45B0BFA89FBAA550B672.jpg","datePublished":"2026-04-01T07:00:00+00:00","author":{"@id":"https:\/\/filmpolitique.fr\/#\/schema\/person\/f7f1eb2ac9ba87f0152547f2847a6c34"},"description":"D\u00e9couvrez pourquoi le court-m\u00e9trage est un format autonome et politique, capable de capturer l\u2019humain et de cr\u00e9er un dialogue avec le public.","breadcrumb":{"@id":"https:\/\/filmpolitique.fr\/?p=992#breadcrumb"},"inLanguage":"fr-FR","potentialAction":[{"@type":"ReadAction","target":["https:\/\/filmpolitique.fr\/?p=992"]}]},{"@type":"ImageObject","inLanguage":"fr-FR","@id":"https:\/\/filmpolitique.fr\/?p=992#primaryimage","url":"https:\/\/filmpolitique.fr\/wp-content\/uploads\/2026\/01\/DE97E6F894CF45B0BFA89FBAA550B672.jpg","contentUrl":"https:\/\/filmpolitique.fr\/wp-content\/uploads\/2026\/01\/DE97E6F894CF45B0BFA89FBAA550B672.jpg","width":933,"height":530,"caption":"Screenshot"},{"@type":"BreadcrumbList","@id":"https:\/\/filmpolitique.fr\/?p=992#breadcrumb","itemListElement":[{"@type":"ListItem","position":1,"name":"Home","item":"https:\/\/filmpolitique.fr\/"},{"@type":"ListItem","position":2,"name":"VOLTIGE de Luiza Cocora : le court-m\u00e9trage devient une expression politique \u00e0 part enti\u00e8re"}]},{"@type":"WebSite","@id":"https:\/\/filmpolitique.fr\/#website","url":"https:\/\/filmpolitique.fr\/","name":"filmpolitique.fr","description":"Le cin\u00e9ma qui change le regard sur le monde","potentialAction":[{"@type":"SearchAction","target":{"@type":"EntryPoint","urlTemplate":"https:\/\/filmpolitique.fr\/?s={search_term_string}"},"query-input":{"@type":"PropertyValueSpecification","valueRequired":true,"valueName":"search_term_string"}}],"inLanguage":"fr-FR"},{"@type":"Person","@id":"https:\/\/filmpolitique.fr\/#\/schema\/person\/f7f1eb2ac9ba87f0152547f2847a6c34","name":"cinebastideblog","image":{"@type":"ImageObject","inLanguage":"fr-FR","@id":"https:\/\/filmpolitique.fr\/#\/schema\/person\/image\/","url":"https:\/\/secure.gravatar.com\/avatar\/71227138e4ddfa2dbc7dcb131573dc077cdf7b3a51a8aacb71d82aecf1cceea7?s=96&d=mm&r=g","contentUrl":"https:\/\/secure.gravatar.com\/avatar\/71227138e4ddfa2dbc7dcb131573dc077cdf7b3a51a8aacb71d82aecf1cceea7?s=96&d=mm&r=g","caption":"cinebastideblog"},"sameAs":["https:\/\/filmpolitique.org"],"url":"https:\/\/filmpolitique.fr\/?author=1"}]}},"_links":{"self":[{"href":"https:\/\/filmpolitique.fr\/index.php?rest_route=\/wp\/v2\/posts\/992","targetHints":{"allow":["GET"]}}],"collection":[{"href":"https:\/\/filmpolitique.fr\/index.php?rest_route=\/wp\/v2\/posts"}],"about":[{"href":"https:\/\/filmpolitique.fr\/index.php?rest_route=\/wp\/v2\/types\/post"}],"author":[{"embeddable":true,"href":"https:\/\/filmpolitique.fr\/index.php?rest_route=\/wp\/v2\/users\/1"}],"replies":[{"embeddable":true,"href":"https:\/\/filmpolitique.fr\/index.php?rest_route=%2Fwp%2Fv2%2Fcomments&post=992"}],"version-history":[{"count":1,"href":"https:\/\/filmpolitique.fr\/index.php?rest_route=\/wp\/v2\/posts\/992\/revisions"}],"predecessor-version":[{"id":994,"href":"https:\/\/filmpolitique.fr\/index.php?rest_route=\/wp\/v2\/posts\/992\/revisions\/994"}],"wp:featuredmedia":[{"embeddable":true,"href":"https:\/\/filmpolitique.fr\/index.php?rest_route=\/wp\/v2\/media\/993"}],"wp:attachment":[{"href":"https:\/\/filmpolitique.fr\/index.php?rest_route=%2Fwp%2Fv2%2Fmedia&parent=992"}],"wp:term":[{"taxonomy":"category","embeddable":true,"href":"https:\/\/filmpolitique.fr\/index.php?rest_route=%2Fwp%2Fv2%2Fcategories&post=992"},{"taxonomy":"post_tag","embeddable":true,"href":"https:\/\/filmpolitique.fr\/index.php?rest_route=%2Fwp%2Fv2%2Ftags&post=992"}],"curies":[{"name":"wp","href":"https:\/\/api.w.org\/{rel}","templated":true}]}}